{"id":27582,"date":"1968-09-21T18:19:57","date_gmt":"1968-09-21T17:19:57","guid":{"rendered":"https:\/\/www.latribunedeplanas.com\/1968-cession-des-zones-communes-de-planas-del-rey-a-la-mairie-de-pratdip\/"},"modified":"2025-08-15T13:19:01","modified_gmt":"2025-08-15T11:19:01","slug":"21-de-septiembre-de-1968-cesion-de-las-zonas-comunes-de-planas-del-rey-al-ayuntamiento-de-pratdip","status":"publish","type":"post","link":"https:\/\/www.latribunedeplanas.com\/es\/21-de-septiembre-de-1968-cesion-de-las-zonas-comunes-de-planas-del-rey-al-ayuntamiento-de-pratdip\/","title":{"rendered":"21 de septiembre de 1968: Cesi\u00f3n de las zonas comunes de Planas del Rey al Ayuntamiento de Pratdip"},"content":{"rendered":"<p>[et_pb_section fb_built=\u00bb1&#8243; admin_label=\u00bbSection-Article\u00bb module_class=\u00bbsection-article\u00bb _builder_version=\u00bb4.18.0&#8243; custom_margin=\u00bb0px|0px|0px|0px\u00bb custom_padding=\u00bb0px|0px|0px|0px\u00bb global_colors_info=\u00bb{}\u00bb][et_pb_row use_custom_gutter=\u00bbon\u00bb gutter_width=\u00bb1&#8243; custom_padding_last_edited=\u00bbon|phone\u00bb admin_label=\u00bbLigne-Article\u00bb module_class=\u00bbligne-article et_pb_row_fullwidth\u00bb _builder_version=\u00bb4.27.4&#8243; width=\u00bb100%\u00bb width_tablet=\u00bb100%\u00bb width_phone=\u00bb\u00bb width_last_edited=\u00bbon|desktop\u00bb max_width=\u00bb100%\u00bb max_width_tablet=\u00bb100%\u00bb max_width_phone=\u00bb\u00bb max_width_last_edited=\u00bbon|desktop\u00bb custom_margin=\u00bb0px||0px\u00bb custom_padding=\u00bb20px||0px||false|false\u00bb custom_padding_tablet=\u00bb20px||0px||false|false\u00bb custom_padding_phone=\u00bb15px||||false|false\u00bb make_fullwidth=\u00bbon\u00bb global_colors_info=\u00bb{}\u00bb][et_pb_column type=\u00bb4_4&#8243; _builder_version=\u00bb4.16&#8243; custom_padding=\u00bb|||\u00bb global_colors_info=\u00bb{}\u00bb custom_padding__hover=\u00bb|||\u00bb][et_pb_text admin_label=\u00bbTexte-1968: Cesi\u00f3n de las zonas comunes de Planas del Rey al Ayuntamiento de Pratdip\u00bb module_class=\u00bbtxt-article\u00bb _builder_version=\u00bb4.27.4&#8243; text_font=\u00bb|300|||||||\u00bb header_font=\u00bb||||||||\u00bb header_2_line_height=\u00bb1.2em\u00bb header_3_font=\u00bb||||||||\u00bb header_3_line_height=\u00bb1.3em\u00bb header_4_text_align=\u00bbcenter\u00bb custom_padding=\u00bb||||false|false\u00bb text_line_height_tablet=\u00bb\u00bb text_line_height_phone=\u00bb1.3em\u00bb text_line_height_last_edited=\u00bbon|desktop\u00bb header_2_font_size_tablet=\u00bb\u00bb header_2_font_size_phone=\u00bb\u00bb header_2_font_size_last_edited=\u00bbon|phone\u00bb header_3_font_size_tablet=\u00bb\u00bb header_3_font_size_phone=\u00bb23px\u00bb header_3_font_size_last_edited=\u00bbon|desktop\u00bb global_colors_info=\u00bb{}\u00bb]<\/p>\n<p>El <span class=\"accentue\">21 de septiembre de 1968<\/span>, el promotor de la urbanizaci\u00f3n <span class=\"accentue\">Planas del Rey (Planes del Rei)<\/span>, <span class=\"accentue\">Francisco Lebasque Belloncle<\/span>, dirige al Ayuntamiento de Pratdip una solicitud formal con el fin de <span class=\"accentue\">ceder las v\u00edas, redes y servicios comunes<\/span> de la urbanizaci\u00f3n al municipio, con el objetivo de mejorar la administraci\u00f3n y la prestaci\u00f3n de los servicios p\u00fablicos.<\/p>\n<hr style=\"margin-bottom: 30px;\" \/>\n<h2>1) Contexto y naturaleza del documento<\/h2>\n<ul>\n<li>Carta oficial del promotor al Ayuntamiento, redactada a <span class=\"accentue\">petici\u00f3n de los propietarios<\/span> de la urbanizaci\u00f3n y en inter\u00e9s de una mejor gesti\u00f3n.<\/li>\n<li>Objeto: <span class=\"accentue\">oferta de cesi\u00f3n<\/span> al municipio de las infraestructuras y servicios comunes.<\/li>\n<\/ul>\n<hr style=\"margin-bottom: 30px;\" \/>\n<h2>2) \u00c1mbito de la cesi\u00f3n propuesta<\/h2>\n<ul>\n<li><span class=\"accentue\">Viales<\/span> de la urbanizaci\u00f3n.<\/li>\n<li><span class=\"accentue\">Redes de abastecimiento de agua<\/span>.<\/li>\n<li><span class=\"accentue\">Redes de alcantarillado<\/span>.<\/li>\n<li><span class=\"accentue\">Alumbrado p\u00fablico<\/span>.<\/li>\n<li><span class=\"accentue\">Recogida de basuras<\/span>.<\/li>\n<li><span class=\"accentue\">Vigilancia y seguridad<\/span>.<\/li>\n<li>Y, en general, <span class=\"accentue\">todo servicio de competencia municipal<\/span>.<\/li>\n<\/ul>\n<hr style=\"margin-bottom: 30px;\" \/>\n<h2>3) Modalidades previstas por el promotor<\/h2>\n<ul>\n<li>Entrega al Ayuntamiento de toda la <span class=\"accentue\">documentaci\u00f3n complementaria<\/span> que se considere necesaria.<\/li>\n<li>Entrega de la <span class=\"accentue\">lista de propietarios<\/span> y de los bienes situados en la urbanizaci\u00f3n.<\/li>\n<li>Comunicaci\u00f3n de las <span class=\"accentue\">cuentas de conservaci\u00f3n y servicios<\/span> de los ejercicios anteriores, para su reclamaci\u00f3n y cobro por el Ayuntamiento, seguidos de una <span class=\"accentue\">liquidaci\u00f3n<\/span> con el promotor.<\/li>\n<li><span class=\"accentue\">Agua potable<\/span>: el Ayuntamiento podr\u00e1 utilizar el canal existente hasta el dep\u00f3sito general incluido en la red cedida, <span class=\"accentue\">mientras no se haya efectuado la recepci\u00f3n oficial<\/span> de la urbanizaci\u00f3n por parte del municipio.<\/li>\n<\/ul>\n<hr style=\"margin-bottom: 30px;\" \/>\n<h2>4) An\u00e1lisis jur\u00eddico y urban\u00edstico<\/h2>\n<p>Esta carta constituye una <span class=\"accentue\">oferta formal de transferencia<\/span> de infraestructuras y servicios p\u00fablicos al municipio. Se enmarca en la l\u00f3gica de la <span class=\"accentue\">recepci\u00f3n municipal<\/span> de las obras de urbanizaci\u00f3n, paso necesario para que el Ayuntamiento asuma los servicios.<\/p>\n<ul>\n<li><span class=\"accentue\">Alcance<\/span>: si se acepta, el municipio pasa a ser responsable del mantenimiento de las v\u00edas y de la prestaci\u00f3n de los servicios enumerados.<\/li>\n<li><span class=\"accentue\">L\u00edmite del documento<\/span>: la carta no prueba la <span class=\"accentue\">aceptaci\u00f3n<\/span> de la cesi\u00f3n por parte del Ayuntamiento. La asunci\u00f3n requer\u00eda una <span class=\"accentue\">decisi\u00f3n formal<\/span> (acuerdo municipal, acto administrativo y\/o formalizaci\u00f3n notarial).<\/li>\n<li><span class=\"accentue\">Consecuencia<\/span>: en ausencia de aceptaci\u00f3n\/recepci\u00f3n formal, las obligaciones del Ayuntamiento no quedan autom\u00e1ticamente comprometidas en la fecha del 21\/09\/1968.<\/li>\n<\/ul>\n<hr style=\"margin-bottom: 30px;\" \/>\n<h2>5) Extracto significativo (original en espa\u00f1ol)<\/h2>\n<blockquote>\n<p>\u201c\u2026 es su prop\u00f3sito hacer cesi\u00f3n de la vialidad general y servicios p\u00fablicos al Ayuntamiento de Pratdip \u2026 a viales de la urbanizaci\u00f3n, redes de abastecimiento de aguas, redes de desag\u00fces, alumbrado p\u00fablico, servicio de recogida de basuras, guarder\u00eda y vigilancia; adem\u00e1s, servicios de la competencia municipal \u2026\u201d<\/p>\n<\/blockquote>\n<hr style=\"margin-bottom: 30px;\" \/>\n<h2>Conclusi\u00f3n<\/h2>\n<p>El documento de <span class=\"accentue\">21 de septiembre de 1968<\/span> certifica que <span class=\"accentue\">una cesi\u00f3n global<\/span> de las infraestructuras y servicios de <span class=\"accentue\">Planas del Rey<\/span> fue <span class=\"accentue\">propuesta<\/span> al Ayuntamiento de Pratdip por el promotor, en nombre y por cuenta de los propietarios. Para establecer la responsabilidad municipal efectiva a partir de 1968, es necesario <span class=\"accentue\">encontrar el acto de aceptaci\u00f3n<\/span> (deliberaci\u00f3n municipal, publicaci\u00f3n, escritura notarial o registro de urbanizaci\u00f3n) que confirme la <span class=\"accentue\">recepci\u00f3n<\/span> de estas obras.<\/p>\n<hr style=\"margin-bottom: 30px;\" \/>\n<h3 class=\"underline\">Documento<\/h3>\n<p style=\"padding-top: 30px;\"><a href=\"https:\/\/www.latribunedeplanas.com\/wp-content\/uploads\/2017\/09\/1968-09-21-cession-zones-communes-lebasque-pratdip.pdf\" class=\"pdfemb-viewer\" style=\"\" data-width=\"max\" data-height=\"max\" data-mobile-width=\"0\"  data-scrollbar=\"none\" data-download=\"on\" data-tracking=\"on\" data-newwindow=\"on\" data-pagetextbox=\"off\" data-scrolltotop=\"off\" data-startzoom=\"100\" data-startfpzoom=\"100\" data-toolbar=\"top\" data-toolbar-fixed=\"off\">1968-09-21-cession-zones-communes-lebasque-pratdip<br\/><\/a><\/p>\n<p>[\/et_pb_text][\/et_pb_column][\/et_pb_row][\/et_pb_section]<\/p>\n","protected":false},"excerpt":{"rendered":"<p>El 21 de septiembre de 1968, el promotor de la urbanizaci\u00f3n Planas del Rey (Planes del Rei), Francisco Lebasque Belloncle, dirige al Ayuntamiento de Pratdip una solicitud formal con el fin de ceder las v\u00edas, redes y servicios comunes de la urbanizaci\u00f3n al municipio, con el objetivo de mejorar la administraci\u00f3n y la prestaci\u00f3n de [&hellip;]<\/p>\n","protected":false},"author":1,"featured_media":0,"comment_status":"closed","ping_status":"closed","sticky":false,"template":"","format":"standard","meta":{"_et_pb_use_builder":"on","_et_pb_old_content":"","_et_gb_content_width":"","footnotes":""},"categories":[217],"tags":[],"class_list":["post-27582","post","type-post","status-publish","format-standard","hentry","category-documentos"],"yoast_head":"<!-- This site is optimized with the Yoast SEO plugin v27.5 - https:\/\/yoast.com\/product\/yoast-seo-wordpress\/ -->\n<title>21 de septiembre de 1968: Cesi\u00f3n de las zonas comunes de Planas del Rey al Ayuntamiento de Pratdip - La Tribune de Planas<\/title>\n<meta name=\"description\" content=\"En 1968, el promotor de Planas del Rey ofreci\u00f3 al Ayuntamiento de Pratdip la cesi\u00f3n de viales, redes y servicios p\u00fablicos.\" \/>\n<meta name=\"robots\" content=\"index, follow, max-snippet:-1, max-image-preview:large, max-video-preview:-1\" \/>\n<link rel=\"canonical\" href=\"https:\/\/www.latribunedeplanas.com\/es\/21-de-septiembre-de-1968-cesion-de-las-zonas-comunes-de-planas-del-rey-al-ayuntamiento-de-pratdip\/\" \/>\n<meta property=\"og:locale\" content=\"es_ES\" \/>\n<meta property=\"og:type\" content=\"article\" \/>\n<meta property=\"og:title\" content=\"21 de septiembre de 1968: Cesi\u00f3n de las zonas comunes de Planas del Rey al Ayuntamiento de Pratdip - La Tribune de Planas\" \/>\n<meta property=\"og:description\" content=\"En 1968, el promotor de Planas del Rey ofreci\u00f3 al Ayuntamiento de Pratdip la cesi\u00f3n de viales, redes y servicios p\u00fablicos.\" \/>\n<meta property=\"og:url\" content=\"https:\/\/www.latribunedeplanas.com\/es\/21-de-septiembre-de-1968-cesion-de-las-zonas-comunes-de-planas-del-rey-al-ayuntamiento-de-pratdip\/\" \/>\n<meta property=\"og:site_name\" content=\"La Tribune de Planas\" \/>\n<meta property=\"article:publisher\" content=\"https:\/\/www.facebook.com\/groups\/1220895301376005\/\" \/>\n<meta property=\"article:author\" content=\"https:\/\/www.facebook.com\/Creawebsite-113915200150984\" \/>\n<meta property=\"article:published_time\" content=\"1968-09-21T17:19:57+00:00\" \/>\n<meta property=\"article:modified_time\" content=\"2025-08-15T11:19:01+00:00\" \/>\n<meta name=\"author\" content=\"Jim\" \/>\n<meta name=\"twitter:card\" content=\"summary_large_image\" \/>\n<meta name=\"twitter:label1\" content=\"Escrito por\" \/>\n\t<meta name=\"twitter:data1\" content=\"Jim\" \/>\n\t<meta name=\"twitter:label2\" content=\"Tiempo de lectura\" \/>\n\t<meta name=\"twitter:data2\" content=\"3 minutos\" \/>\n<script type=\"application\/ld+json\" class=\"yoast-schema-graph\">{\"@context\":\"https:\\\/\\\/schema.org\",\"@graph\":[{\"@type\":\"Article\",\"@id\":\"https:\\\/\\\/www.latribunedeplanas.com\\\/es\\\/21-de-septiembre-de-1968-cesion-de-las-zonas-comunes-de-planas-del-rey-al-ayuntamiento-de-pratdip\\\/#article\",\"isPartOf\":{\"@id\":\"https:\\\/\\\/www.latribunedeplanas.com\\\/es\\\/21-de-septiembre-de-1968-cesion-de-las-zonas-comunes-de-planas-del-rey-al-ayuntamiento-de-pratdip\\\/\"},\"author\":{\"name\":\"Jim\",\"@id\":\"https:\\\/\\\/www.latribunedeplanas.com\\\/es\\\/#\\\/schema\\\/person\\\/590a87318688792f18d8e1c983528bc8\"},\"headline\":\"21 de septiembre de 1968: Cesi\u00f3n de las zonas comunes de Planas del Rey al Ayuntamiento de Pratdip\",\"datePublished\":\"1968-09-21T17:19:57+00:00\",\"dateModified\":\"2025-08-15T11:19:01+00:00\",\"mainEntityOfPage\":{\"@id\":\"https:\\\/\\\/www.latribunedeplanas.com\\\/es\\\/21-de-septiembre-de-1968-cesion-de-las-zonas-comunes-de-planas-del-rey-al-ayuntamiento-de-pratdip\\\/\"},\"wordCount\":772,\"publisher\":{\"@id\":\"https:\\\/\\\/www.latribunedeplanas.com\\\/es\\\/#organization\"},\"articleSection\":[\"Documentos\"],\"inLanguage\":\"es\"},{\"@type\":\"WebPage\",\"@id\":\"https:\\\/\\\/www.latribunedeplanas.com\\\/es\\\/21-de-septiembre-de-1968-cesion-de-las-zonas-comunes-de-planas-del-rey-al-ayuntamiento-de-pratdip\\\/\",\"url\":\"https:\\\/\\\/www.latribunedeplanas.com\\\/es\\\/21-de-septiembre-de-1968-cesion-de-las-zonas-comunes-de-planas-del-rey-al-ayuntamiento-de-pratdip\\\/\",\"name\":\"21 de septiembre de 1968: Cesi\u00f3n de las zonas comunes de Planas del Rey al Ayuntamiento de Pratdip - La Tribune de Planas\",\"isPartOf\":{\"@id\":\"https:\\\/\\\/www.latribunedeplanas.com\\\/es\\\/#website\"},\"datePublished\":\"1968-09-21T17:19:57+00:00\",\"dateModified\":\"2025-08-15T11:19:01+00:00\",\"description\":\"En 1968, el promotor de Planas del Rey ofreci\u00f3 al Ayuntamiento de Pratdip la cesi\u00f3n de viales, redes y servicios p\u00fablicos.\",\"breadcrumb\":{\"@id\":\"https:\\\/\\\/www.latribunedeplanas.com\\\/es\\\/21-de-septiembre-de-1968-cesion-de-las-zonas-comunes-de-planas-del-rey-al-ayuntamiento-de-pratdip\\\/#breadcrumb\"},\"inLanguage\":\"es\",\"potentialAction\":[{\"@type\":\"ReadAction\",\"target\":[\"https:\\\/\\\/www.latribunedeplanas.com\\\/es\\\/21-de-septiembre-de-1968-cesion-de-las-zonas-comunes-de-planas-del-rey-al-ayuntamiento-de-pratdip\\\/\"]}]},{\"@type\":\"BreadcrumbList\",\"@id\":\"https:\\\/\\\/www.latribunedeplanas.com\\\/es\\\/21-de-septiembre-de-1968-cesion-de-las-zonas-comunes-de-planas-del-rey-al-ayuntamiento-de-pratdip\\\/#breadcrumb\",\"itemListElement\":[{\"@type\":\"ListItem\",\"position\":1,\"name\":\"Accueil\",\"item\":\"https:\\\/\\\/www.latribunedeplanas.com\\\/es\\\/\"},{\"@type\":\"ListItem\",\"position\":2,\"name\":\"21 de septiembre de 1968: Cesi\u00f3n de las zonas comunes de Planas del Rey al Ayuntamiento de Pratdip\"}]},{\"@type\":\"WebSite\",\"@id\":\"https:\\\/\\\/www.latribunedeplanas.com\\\/es\\\/#website\",\"url\":\"https:\\\/\\\/www.latribunedeplanas.com\\\/es\\\/\",\"name\":\"La Tribune de Planas\",\"description\":\"Les Planes del Rei - Urbanizaci\u00f3n del municipio de Pratdip\",\"publisher\":{\"@id\":\"https:\\\/\\\/www.latribunedeplanas.com\\\/es\\\/#organization\"},\"potentialAction\":[{\"@type\":\"SearchAction\",\"target\":{\"@type\":\"EntryPoint\",\"urlTemplate\":\"https:\\\/\\\/www.latribunedeplanas.com\\\/es\\\/?s={search_term_string}\"},\"query-input\":{\"@type\":\"PropertyValueSpecification\",\"valueRequired\":true,\"valueName\":\"search_term_string\"}}],\"inLanguage\":\"es\"},{\"@type\":\"Organization\",\"@id\":\"https:\\\/\\\/www.latribunedeplanas.com\\\/es\\\/#organization\",\"name\":\"Vecinos de Planes del Rei (SOSPlanes)\",\"url\":\"https:\\\/\\\/www.latribunedeplanas.com\\\/es\\\/\",\"logo\":{\"@type\":\"ImageObject\",\"inLanguage\":\"es\",\"@id\":\"https:\\\/\\\/www.latribunedeplanas.com\\\/es\\\/#\\\/schema\\\/logo\\\/image\\\/\",\"url\":\"https:\\\/\\\/www.latribunedeplanas.com\\\/wp-content\\\/uploads\\\/2021\\\/11\\\/logo-sos-planas-0.png\",\"contentUrl\":\"https:\\\/\\\/www.latribunedeplanas.com\\\/wp-content\\\/uploads\\\/2021\\\/11\\\/logo-sos-planas-0.png\",\"width\":600,\"height\":400,\"caption\":\"Vecinos de Planes del Rei (SOSPlanes)\"},\"image\":{\"@id\":\"https:\\\/\\\/www.latribunedeplanas.com\\\/es\\\/#\\\/schema\\\/logo\\\/image\\\/\"},\"sameAs\":[\"https:\\\/\\\/www.facebook.com\\\/groups\\\/1220895301376005\\\/\",\"https:\\\/\\\/www.instagram.com\\\/lasplanasdelrey\\\/\"]},{\"@type\":\"Person\",\"@id\":\"https:\\\/\\\/www.latribunedeplanas.com\\\/es\\\/#\\\/schema\\\/person\\\/590a87318688792f18d8e1c983528bc8\",\"name\":\"Jim\",\"image\":{\"@type\":\"ImageObject\",\"inLanguage\":\"es\",\"@id\":\"https:\\\/\\\/secure.gravatar.com\\\/avatar\\\/5a89228fd282eb9ee33a60b4ff06f9c31751866f1fb91ca56263af0968354113?s=96&d=mm&r=g\",\"url\":\"https:\\\/\\\/secure.gravatar.com\\\/avatar\\\/5a89228fd282eb9ee33a60b4ff06f9c31751866f1fb91ca56263af0968354113?s=96&d=mm&r=g\",\"contentUrl\":\"https:\\\/\\\/secure.gravatar.com\\\/avatar\\\/5a89228fd282eb9ee33a60b4ff06f9c31751866f1fb91ca56263af0968354113?s=96&d=mm&r=g\",\"caption\":\"Jim\"},\"sameAs\":[\"https:\\\/\\\/www.creawebsite.be\\\/\",\"https:\\\/\\\/www.facebook.com\\\/Creawebsite-113915200150984\",\"https:\\\/\\\/www.instagram.com\\\/creawebsite.be\\\/\",\"https:\\\/\\\/www.linkedin.com\\\/in\\\/jean-marc-delchef\\\/\"]}]}<\/script>\n<!-- \/ Yoast SEO plugin. -->","yoast_head_json":{"title":"21 de septiembre de 1968: Cesi\u00f3n de las zonas comunes de Planas del Rey al Ayuntamiento de Pratdip - La Tribune de Planas","description":"En 1968, el promotor de Planas del Rey ofreci\u00f3 al Ayuntamiento de Pratdip la cesi\u00f3n de viales, redes y servicios p\u00fablicos.","robots":{"index":"index","follow":"follow","max-snippet":"max-snippet:-1","max-image-preview":"max-image-preview:large","max-video-preview":"max-video-preview:-1"},"canonical":"https:\/\/www.latribunedeplanas.com\/es\/21-de-septiembre-de-1968-cesion-de-las-zonas-comunes-de-planas-del-rey-al-ayuntamiento-de-pratdip\/","og_locale":"es_ES","og_type":"article","og_title":"21 de septiembre de 1968: Cesi\u00f3n de las zonas comunes de Planas del Rey al Ayuntamiento de Pratdip - La Tribune de Planas","og_description":"En 1968, el promotor de Planas del Rey ofreci\u00f3 al Ayuntamiento de Pratdip la cesi\u00f3n de viales, redes y servicios p\u00fablicos.","og_url":"https:\/\/www.latribunedeplanas.com\/es\/21-de-septiembre-de-1968-cesion-de-las-zonas-comunes-de-planas-del-rey-al-ayuntamiento-de-pratdip\/","og_site_name":"La Tribune de Planas","article_publisher":"https:\/\/www.facebook.com\/groups\/1220895301376005\/","article_author":"https:\/\/www.facebook.com\/Creawebsite-113915200150984","article_published_time":"1968-09-21T17:19:57+00:00","article_modified_time":"2025-08-15T11:19:01+00:00","author":"Jim","twitter_card":"summary_large_image","twitter_misc":{"Escrito por":"Jim","Tiempo de lectura":"3 minutos"},"schema":{"@context":"https:\/\/schema.org","@graph":[{"@type":"Article","@id":"https:\/\/www.latribunedeplanas.com\/es\/21-de-septiembre-de-1968-cesion-de-las-zonas-comunes-de-planas-del-rey-al-ayuntamiento-de-pratdip\/#article","isPartOf":{"@id":"https:\/\/www.latribunedeplanas.com\/es\/21-de-septiembre-de-1968-cesion-de-las-zonas-comunes-de-planas-del-rey-al-ayuntamiento-de-pratdip\/"},"author":{"name":"Jim","@id":"https:\/\/www.latribunedeplanas.com\/es\/#\/schema\/person\/590a87318688792f18d8e1c983528bc8"},"headline":"21 de septiembre de 1968: Cesi\u00f3n de las zonas comunes de Planas del Rey al Ayuntamiento de Pratdip","datePublished":"1968-09-21T17:19:57+00:00","dateModified":"2025-08-15T11:19:01+00:00","mainEntityOfPage":{"@id":"https:\/\/www.latribunedeplanas.com\/es\/21-de-septiembre-de-1968-cesion-de-las-zonas-comunes-de-planas-del-rey-al-ayuntamiento-de-pratdip\/"},"wordCount":772,"publisher":{"@id":"https:\/\/www.latribunedeplanas.com\/es\/#organization"},"articleSection":["Documentos"],"inLanguage":"es"},{"@type":"WebPage","@id":"https:\/\/www.latribunedeplanas.com\/es\/21-de-septiembre-de-1968-cesion-de-las-zonas-comunes-de-planas-del-rey-al-ayuntamiento-de-pratdip\/","url":"https:\/\/www.latribunedeplanas.com\/es\/21-de-septiembre-de-1968-cesion-de-las-zonas-comunes-de-planas-del-rey-al-ayuntamiento-de-pratdip\/","name":"21 de septiembre de 1968: Cesi\u00f3n de las zonas comunes de Planas del Rey al Ayuntamiento de Pratdip - La Tribune de Planas","isPartOf":{"@id":"https:\/\/www.latribunedeplanas.com\/es\/#website"},"datePublished":"1968-09-21T17:19:57+00:00","dateModified":"2025-08-15T11:19:01+00:00","description":"En 1968, el promotor de Planas del Rey ofreci\u00f3 al Ayuntamiento de Pratdip la cesi\u00f3n de viales, redes y servicios p\u00fablicos.","breadcrumb":{"@id":"https:\/\/www.latribunedeplanas.com\/es\/21-de-septiembre-de-1968-cesion-de-las-zonas-comunes-de-planas-del-rey-al-ayuntamiento-de-pratdip\/#breadcrumb"},"inLanguage":"es","potentialAction":[{"@type":"ReadAction","target":["https:\/\/www.latribunedeplanas.com\/es\/21-de-septiembre-de-1968-cesion-de-las-zonas-comunes-de-planas-del-rey-al-ayuntamiento-de-pratdip\/"]}]},{"@type":"BreadcrumbList","@id":"https:\/\/www.latribunedeplanas.com\/es\/21-de-septiembre-de-1968-cesion-de-las-zonas-comunes-de-planas-del-rey-al-ayuntamiento-de-pratdip\/#breadcrumb","itemListElement":[{"@type":"ListItem","position":1,"name":"Accueil","item":"https:\/\/www.latribunedeplanas.com\/es\/"},{"@type":"ListItem","position":2,"name":"21 de septiembre de 1968: Cesi\u00f3n de las zonas comunes de Planas del Rey al Ayuntamiento de Pratdip"}]},{"@type":"WebSite","@id":"https:\/\/www.latribunedeplanas.com\/es\/#website","url":"https:\/\/www.latribunedeplanas.com\/es\/","name":"La Tribune de Planas","description":"Les Planes del Rei - Urbanizaci\u00f3n del municipio de Pratdip","publisher":{"@id":"https:\/\/www.latribunedeplanas.com\/es\/#organization"},"potentialAction":[{"@type":"SearchAction","target":{"@type":"EntryPoint","urlTemplate":"https:\/\/www.latribunedeplanas.com\/es\/?s={search_term_string}"},"query-input":{"@type":"PropertyValueSpecification","valueRequired":true,"valueName":"search_term_string"}}],"inLanguage":"es"},{"@type":"Organization","@id":"https:\/\/www.latribunedeplanas.com\/es\/#organization","name":"Vecinos de Planes del Rei (SOSPlanes)","url":"https:\/\/www.latribunedeplanas.com\/es\/","logo":{"@type":"ImageObject","inLanguage":"es","@id":"https:\/\/www.latribunedeplanas.com\/es\/#\/schema\/logo\/image\/","url":"https:\/\/www.latribunedeplanas.com\/wp-content\/uploads\/2021\/11\/logo-sos-planas-0.png","contentUrl":"https:\/\/www.latribunedeplanas.com\/wp-content\/uploads\/2021\/11\/logo-sos-planas-0.png","width":600,"height":400,"caption":"Vecinos de Planes del Rei (SOSPlanes)"},"image":{"@id":"https:\/\/www.latribunedeplanas.com\/es\/#\/schema\/logo\/image\/"},"sameAs":["https:\/\/www.facebook.com\/groups\/1220895301376005\/","https:\/\/www.instagram.com\/lasplanasdelrey\/"]},{"@type":"Person","@id":"https:\/\/www.latribunedeplanas.com\/es\/#\/schema\/person\/590a87318688792f18d8e1c983528bc8","name":"Jim","image":{"@type":"ImageObject","inLanguage":"es","@id":"https:\/\/secure.gravatar.com\/avatar\/5a89228fd282eb9ee33a60b4ff06f9c31751866f1fb91ca56263af0968354113?s=96&d=mm&r=g","url":"https:\/\/secure.gravatar.com\/avatar\/5a89228fd282eb9ee33a60b4ff06f9c31751866f1fb91ca56263af0968354113?s=96&d=mm&r=g","contentUrl":"https:\/\/secure.gravatar.com\/avatar\/5a89228fd282eb9ee33a60b4ff06f9c31751866f1fb91ca56263af0968354113?s=96&d=mm&r=g","caption":"Jim"},"sameAs":["https:\/\/www.creawebsite.be\/","https:\/\/www.facebook.com\/Creawebsite-113915200150984","https:\/\/www.instagram.com\/creawebsite.be\/","https:\/\/www.linkedin.com\/in\/jean-marc-delchef\/"]}]}},"_links":{"self":[{"href":"https:\/\/www.latribunedeplanas.com\/es\/wp-json\/wp\/v2\/posts\/27582","targetHints":{"allow":["GET"]}}],"collection":[{"href":"https:\/\/www.latribunedeplanas.com\/es\/wp-json\/wp\/v2\/posts"}],"about":[{"href":"https:\/\/www.latribunedeplanas.com\/es\/wp-json\/wp\/v2\/types\/post"}],"author":[{"embeddable":true,"href":"https:\/\/www.latribunedeplanas.com\/es\/wp-json\/wp\/v2\/users\/1"}],"replies":[{"embeddable":true,"href":"https:\/\/www.latribunedeplanas.com\/es\/wp-json\/wp\/v2\/comments?post=27582"}],"version-history":[{"count":6,"href":"https:\/\/www.latribunedeplanas.com\/es\/wp-json\/wp\/v2\/posts\/27582\/revisions"}],"predecessor-version":[{"id":27885,"href":"https:\/\/www.latribunedeplanas.com\/es\/wp-json\/wp\/v2\/posts\/27582\/revisions\/27885"}],"wp:attachment":[{"href":"https:\/\/www.latribunedeplanas.com\/es\/wp-json\/wp\/v2\/media?parent=27582"}],"wp:term":[{"taxonomy":"category","embeddable":true,"href":"https:\/\/www.latribunedeplanas.com\/es\/wp-json\/wp\/v2\/categories?post=27582"},{"taxonomy":"post_tag","embeddable":true,"href":"https:\/\/www.latribunedeplanas.com\/es\/wp-json\/wp\/v2\/tags?post=27582"}],"curies":[{"name":"wp","href":"https:\/\/api.w.org\/{rel}","templated":true}]}}