{"id":27557,"date":"1964-10-13T16:18:38","date_gmt":"1964-10-13T15:18:38","guid":{"rendered":"https:\/\/www.latribunedeplanas.com\/plan-parcial-de-ordenacion-ordenanzas-13-octobre-1964\/"},"modified":"2025-08-13T11:44:44","modified_gmt":"2025-08-13T09:44:44","slug":"plan-parcial-de-ordenacion-ordenanzas-13-de-octubre-de-1964","status":"publish","type":"post","link":"https:\/\/www.latribunedeplanas.com\/es\/plan-parcial-de-ordenacion-ordenanzas-13-de-octubre-de-1964\/","title":{"rendered":"13 de octubre de 1964 &#8211; Plan Parcial de Ordenaci\u00f3n \u2013 Ordenanzas"},"content":{"rendered":"<p>[et_pb_section fb_built=\u00bb1&#8243; admin_label=\u00bbSection-Article\u00bb module_class=\u00bbsection-article\u00bb _builder_version=\u00bb4.18.0&#8243; custom_margin=\u00bb0px|0px|0px|0px\u00bb custom_padding=\u00bb0px|0px|0px|0px\u00bb global_colors_info=\u00bb{}\u00bb][et_pb_row use_custom_gutter=\u00bbon\u00bb gutter_width=\u00bb1&#8243; custom_padding_last_edited=\u00bbon|phone\u00bb admin_label=\u00bbLigne-Article\u00bb module_class=\u00bbligne-article et_pb_row_fullwidth\u00bb _builder_version=\u00bb4.27.4&#8243; width=\u00bb100%\u00bb width_tablet=\u00bb100%\u00bb width_phone=\u00bb\u00bb width_last_edited=\u00bbon|desktop\u00bb max_width=\u00bb100%\u00bb max_width_tablet=\u00bb100%\u00bb max_width_phone=\u00bb\u00bb max_width_last_edited=\u00bbon|desktop\u00bb custom_margin=\u00bb0px||0px\u00bb custom_padding=\u00bb20px||0px||false|false\u00bb custom_padding_tablet=\u00bb20px||0px||false|false\u00bb custom_padding_phone=\u00bb15px||||false|false\u00bb make_fullwidth=\u00bbon\u00bb global_colors_info=\u00bb{}\u00bb][et_pb_column type=\u00bb4_4&#8243; _builder_version=\u00bb4.16&#8243; custom_padding=\u00bb|||\u00bb global_colors_info=\u00bb{}\u00bb custom_padding__hover=\u00bb|||\u00bb][et_pb_text admin_label=\u00bbTexte-Plan Parcial de Ordenaci\u00f3n \u2013 Ordenanzas &#8211; 13 de octubre de 1964&#8243; module_class=\u00bbtxt-article\u00bb _builder_version=\u00bb4.27.4&#8243; text_font=\u00bb|300|||||||\u00bb header_font=\u00bb||||||||\u00bb header_2_line_height=\u00bb1.2em\u00bb header_3_font=\u00bb||||||||\u00bb header_3_line_height=\u00bb1.3em\u00bb header_4_text_align=\u00bbcenter\u00bb custom_padding=\u00bb||||false|false\u00bb text_line_height_tablet=\u00bb\u00bb text_line_height_phone=\u00bb1.3em\u00bb text_line_height_last_edited=\u00bbon|desktop\u00bb header_2_font_size_tablet=\u00bb\u00bb header_2_font_size_phone=\u00bb\u00bb header_2_font_size_last_edited=\u00bbon|phone\u00bb header_3_font_size_tablet=\u00bb\u00bb header_3_font_size_phone=\u00bb23px\u00bb header_3_font_size_last_edited=\u00bbon|desktop\u00bb global_colors_info=\u00bb{}\u00bb]<\/p>\n<p>El documento titulado \u00ab <span class=\"accentue\">Plan Parcial de Ordenaci\u00f3n \u2013 Ordenanzas<\/span> \u00bb fechado el <span class=\"accentue\">13 de octubre de 1964<\/span>, constituye un documento urban\u00edstico reglamentario que regula el desarrollo de la urbanizaci\u00f3n <span class=\"accentue\">Planas del Rey (Planes del Rei)<\/span>. A continuaci\u00f3n, un an\u00e1lisis estructurado de su contenido:<\/p>\n<hr style=\"margin-bottom: 30px;\" \/>\n<h2>Naturaleza y objeto del documento<\/h2>\n<p>Se trata de un <span class=\"accentue\">Plan Parcial<\/span> de la urbanizaci\u00f3n (Plan Parcial de Ordenaci\u00f3n), aprobado seg\u00fan los procedimientos de la \u00e9poca, que define las normas de ordenaci\u00f3n territorial para una parcela espec\u00edfica. Este tipo de plan era exigido para transformar una zona rural en un sector urbano.<\/p>\n<hr style=\"margin-bottom: 30px;\" \/>\n<h2>Contenido general de las \u00ab Ordenanzas \u00bb<\/h2>\n<p>Las \u00ab Ordenanzas \u00bb son normas urban\u00edsticas aplicables dentro del per\u00edmetro del plan. Incluyen, entre otros aspectos:<\/p>\n<ul>\n<li><span class=\"accentue\">Zonificaci\u00f3n del suelo<\/span>: distinci\u00f3n entre zonas residenciales, equipamientos, viales, zonas verdes, etc.<\/li>\n<li><span class=\"accentue\">Densidad m\u00e1xima<\/span> de edificaci\u00f3n<\/li>\n<li><span class=\"accentue\">Altura y volumen<\/span> de los edificios permitidos<\/li>\n<li><span class=\"accentue\">Alineaci\u00f3n<\/span> y retranqueos respecto a las v\u00edas<\/li>\n<li><span class=\"accentue\">Porcentaje m\u00e1ximo de ocupaci\u00f3n<\/span> de las parcelas<\/li>\n<li><span class=\"accentue\">Tipolog\u00eda arquitect\u00f3nica<\/span> prevista<\/li>\n<li>Reglamento sobre cerramientos, cubiertas, materiales, colores\u2026<\/li>\n<\/ul>\n<p>Estos elementos muestran que el proyecto pretend\u00eda crear una urbanizaci\u00f3n planificada, dotada de infraestructuras y con un estilo coherente.<\/p>\n<hr style=\"margin-bottom: 30px;\" \/>\n<h2>Restricciones constructivas<\/h2>\n<p>El plan impone prescripciones estrictas a los propietarios para preservar la armon\u00eda del conjunto:<\/p>\n<ul>\n<li>limitaci\u00f3n de la altura de los edificios a uno o dos niveles,<\/li>\n<li>prohibici\u00f3n de las construcciones adosadas,<\/li>\n<li>obligaci\u00f3n de acondicionar los jardines,<\/li>\n<li>ocupaci\u00f3n m\u00e1xima del suelo limitada (a menudo entre el 20 y el 30% de la parcela).<\/li>\n<\/ul>\n<p>Estas reglas buscan mantener un car\u00e1cter residencial, paisaj\u00edstico y de baja densidad.<\/p>\n<hr style=\"margin-bottom: 30px;\" \/>\n<h2>Viales y redes<\/h2>\n<p>El plan tambi\u00e9n prev\u00e9:<\/p>\n<ul>\n<li>la creaci\u00f3n y el acondicionamiento de las calles,<\/li>\n<li>la integraci\u00f3n de las redes de agua, electricidad y alcantarillado,<\/li>\n<li>espacios p\u00fablicos (zonas verdes, zonas deportivas, etc.)<\/li>\n<\/ul>\n<hr style=\"margin-bottom: 30px;\" \/>\n<h2>Estatuto jur\u00eddico<\/h2>\n<p>Este documento tiene un valor jur\u00eddico vinculante, especialmente para:<\/p>\n<ul>\n<li>la concesi\u00f3n de licencias de obra,<\/li>\n<li>la definici\u00f3n de las obligaciones de los promotores,<\/li>\n<li>la recepci\u00f3n de las infraestructuras.<\/li>\n<\/ul>\n<p>Probablemente constituye la base de la legalidad inicial de la urbanizaci\u00f3n <span class=\"accentue\">Planas del Rey<\/span>.<\/p>\n<hr style=\"margin-bottom: 30px;\" \/>\n<h2>Observaciones para la situaci\u00f3n actual<\/h2>\n<ol>\n<li>Este documento constituye un compromiso formal de desarrollo urbano, conforme a la legislaci\u00f3n urban\u00edstica espa\u00f1ola de la \u00e9poca.<\/li>\n<li>Si fue aprobado oficialmente, el Ayuntamiento deber\u00eda haber procedido a la recepci\u00f3n de la urbanizaci\u00f3n una vez finalizadas las obras de acuerdo con este plan.<\/li>\n<li>La existencia de este documento es un elemento clave para impugnar la inacci\u00f3n municipal actual: el Ayuntamiento conoc\u00eda el proyecto, lo valid\u00f3 y acept\u00f3 sus obligaciones.<\/li>\n<\/ol>\n<hr style=\"margin-bottom: 30px;\" \/>\n<h3 class=\"underline\">Documento<\/h3>\n<p style=\"padding-top: 30px;\"><a href=\"https:\/\/www.latribunedeplanas.com\/wp-content\/uploads\/1964\/10\/1964-10-13-plan-parcial-de-ordinacion-ordonnance.pdf\" class=\"pdfemb-viewer\" style=\"\" data-width=\"max\" data-height=\"max\" data-mobile-width=\"0\"  data-scrollbar=\"none\" data-download=\"on\" data-tracking=\"on\" data-newwindow=\"on\" data-pagetextbox=\"off\" data-scrolltotop=\"off\" data-startzoom=\"100\" data-startfpzoom=\"100\" data-toolbar=\"top\" data-toolbar-fixed=\"off\">1964-10-13-plan-parcial-de-ordinacion-ordonnance<br\/><\/a><\/p>\n<p>[\/et_pb_text][\/et_pb_column][\/et_pb_row][\/et_pb_section]<\/p>\n","protected":false},"excerpt":{"rendered":"<p>El documento titulado \u00ab Plan Parcial de Ordenaci\u00f3n \u2013 Ordenanzas \u00bb fechado el 13 de octubre de 1964, constituye un documento urban\u00edstico reglamentario que regula el desarrollo de la urbanizaci\u00f3n Planas del Rey (Planes del Rei). A continuaci\u00f3n, un an\u00e1lisis estructurado de su contenido: Naturaleza y objeto del documento Se trata de un Plan Parcial [&hellip;]<\/p>\n","protected":false},"author":1,"featured_media":0,"comment_status":"closed","ping_status":"closed","sticky":false,"template":"","format":"standard","meta":{"_et_pb_use_builder":"on","_et_pb_old_content":"","_et_gb_content_width":"","footnotes":""},"categories":[217],"tags":[],"class_list":["post-27557","post","type-post","status-publish","format-standard","hentry","category-documentos"],"yoast_head":"<!-- This site is optimized with the Yoast SEO plugin v27.5 - https:\/\/yoast.com\/product\/yoast-seo-wordpress\/ -->\n<title>13 de octubre de 1964 - Plan Parcial de Ordenaci\u00f3n \u2013 Ordenanzas - La Tribune de Planas<\/title>\n<meta name=\"description\" content=\"An\u00e1lisis del Plan Parcial de 1964 que estableci\u00f3 las normas urban\u00edsticas y obligaciones municipales para Planas del Rey.\" \/>\n<meta name=\"robots\" content=\"index, follow, max-snippet:-1, max-image-preview:large, max-video-preview:-1\" \/>\n<link rel=\"canonical\" href=\"https:\/\/www.latribunedeplanas.com\/es\/plan-parcial-de-ordenacion-ordenanzas-13-de-octubre-de-1964\/\" \/>\n<meta property=\"og:locale\" content=\"es_ES\" \/>\n<meta property=\"og:type\" content=\"article\" \/>\n<meta property=\"og:title\" content=\"13 de octubre de 1964 - Plan Parcial de Ordenaci\u00f3n \u2013 Ordenanzas - La Tribune de Planas\" \/>\n<meta property=\"og:description\" content=\"An\u00e1lisis del Plan Parcial de 1964 que estableci\u00f3 las normas urban\u00edsticas y obligaciones municipales para Planas del Rey.\" \/>\n<meta property=\"og:url\" content=\"https:\/\/www.latribunedeplanas.com\/es\/plan-parcial-de-ordenacion-ordenanzas-13-de-octubre-de-1964\/\" \/>\n<meta property=\"og:site_name\" content=\"La Tribune de Planas\" \/>\n<meta property=\"article:publisher\" content=\"https:\/\/www.facebook.com\/groups\/1220895301376005\/\" \/>\n<meta property=\"article:author\" content=\"https:\/\/www.facebook.com\/Creawebsite-113915200150984\" \/>\n<meta property=\"article:published_time\" content=\"1964-10-13T15:18:38+00:00\" \/>\n<meta property=\"article:modified_time\" content=\"2025-08-13T09:44:44+00:00\" \/>\n<meta name=\"author\" content=\"Jim\" \/>\n<meta name=\"twitter:card\" content=\"summary_large_image\" \/>\n<meta name=\"twitter:label1\" content=\"Escrito por\" \/>\n\t<meta name=\"twitter:data1\" content=\"Jim\" \/>\n\t<meta name=\"twitter:label2\" content=\"Tiempo de lectura\" \/>\n\t<meta name=\"twitter:data2\" content=\"3 minutos\" \/>\n<script type=\"application\/ld+json\" class=\"yoast-schema-graph\">{\"@context\":\"https:\\\/\\\/schema.org\",\"@graph\":[{\"@type\":\"Article\",\"@id\":\"https:\\\/\\\/www.latribunedeplanas.com\\\/es\\\/plan-parcial-de-ordenacion-ordenanzas-13-de-octubre-de-1964\\\/#article\",\"isPartOf\":{\"@id\":\"https:\\\/\\\/www.latribunedeplanas.com\\\/es\\\/plan-parcial-de-ordenacion-ordenanzas-13-de-octubre-de-1964\\\/\"},\"author\":{\"name\":\"Jim\",\"@id\":\"https:\\\/\\\/www.latribunedeplanas.com\\\/es\\\/#\\\/schema\\\/person\\\/590a87318688792f18d8e1c983528bc8\"},\"headline\":\"13 de octubre de 1964 &#8211; Plan Parcial de Ordenaci\u00f3n \u2013 Ordenanzas\",\"datePublished\":\"1964-10-13T15:18:38+00:00\",\"dateModified\":\"2025-08-13T09:44:44+00:00\",\"mainEntityOfPage\":{\"@id\":\"https:\\\/\\\/www.latribunedeplanas.com\\\/es\\\/plan-parcial-de-ordenacion-ordenanzas-13-de-octubre-de-1964\\\/\"},\"wordCount\":689,\"publisher\":{\"@id\":\"https:\\\/\\\/www.latribunedeplanas.com\\\/es\\\/#organization\"},\"articleSection\":[\"Documentos\"],\"inLanguage\":\"es\"},{\"@type\":\"WebPage\",\"@id\":\"https:\\\/\\\/www.latribunedeplanas.com\\\/es\\\/plan-parcial-de-ordenacion-ordenanzas-13-de-octubre-de-1964\\\/\",\"url\":\"https:\\\/\\\/www.latribunedeplanas.com\\\/es\\\/plan-parcial-de-ordenacion-ordenanzas-13-de-octubre-de-1964\\\/\",\"name\":\"13 de octubre de 1964 - Plan Parcial de Ordenaci\u00f3n \u2013 Ordenanzas - La Tribune de Planas\",\"isPartOf\":{\"@id\":\"https:\\\/\\\/www.latribunedeplanas.com\\\/es\\\/#website\"},\"datePublished\":\"1964-10-13T15:18:38+00:00\",\"dateModified\":\"2025-08-13T09:44:44+00:00\",\"description\":\"An\u00e1lisis del Plan Parcial de 1964 que estableci\u00f3 las normas urban\u00edsticas y obligaciones municipales para Planas del Rey.\",\"breadcrumb\":{\"@id\":\"https:\\\/\\\/www.latribunedeplanas.com\\\/es\\\/plan-parcial-de-ordenacion-ordenanzas-13-de-octubre-de-1964\\\/#breadcrumb\"},\"inLanguage\":\"es\",\"potentialAction\":[{\"@type\":\"ReadAction\",\"target\":[\"https:\\\/\\\/www.latribunedeplanas.com\\\/es\\\/plan-parcial-de-ordenacion-ordenanzas-13-de-octubre-de-1964\\\/\"]}]},{\"@type\":\"BreadcrumbList\",\"@id\":\"https:\\\/\\\/www.latribunedeplanas.com\\\/es\\\/plan-parcial-de-ordenacion-ordenanzas-13-de-octubre-de-1964\\\/#breadcrumb\",\"itemListElement\":[{\"@type\":\"ListItem\",\"position\":1,\"name\":\"Accueil\",\"item\":\"https:\\\/\\\/www.latribunedeplanas.com\\\/es\\\/\"},{\"@type\":\"ListItem\",\"position\":2,\"name\":\"13 de octubre de 1964 &#8211; Plan Parcial de Ordenaci\u00f3n \u2013 Ordenanzas\"}]},{\"@type\":\"WebSite\",\"@id\":\"https:\\\/\\\/www.latribunedeplanas.com\\\/es\\\/#website\",\"url\":\"https:\\\/\\\/www.latribunedeplanas.com\\\/es\\\/\",\"name\":\"La Tribune de Planas\",\"description\":\"Les Planes del Rei - Urbanizaci\u00f3n del municipio de Pratdip\",\"publisher\":{\"@id\":\"https:\\\/\\\/www.latribunedeplanas.com\\\/es\\\/#organization\"},\"potentialAction\":[{\"@type\":\"SearchAction\",\"target\":{\"@type\":\"EntryPoint\",\"urlTemplate\":\"https:\\\/\\\/www.latribunedeplanas.com\\\/es\\\/?s={search_term_string}\"},\"query-input\":{\"@type\":\"PropertyValueSpecification\",\"valueRequired\":true,\"valueName\":\"search_term_string\"}}],\"inLanguage\":\"es\"},{\"@type\":\"Organization\",\"@id\":\"https:\\\/\\\/www.latribunedeplanas.com\\\/es\\\/#organization\",\"name\":\"Vecinos de Planes del Rei (SOSPlanes)\",\"url\":\"https:\\\/\\\/www.latribunedeplanas.com\\\/es\\\/\",\"logo\":{\"@type\":\"ImageObject\",\"inLanguage\":\"es\",\"@id\":\"https:\\\/\\\/www.latribunedeplanas.com\\\/es\\\/#\\\/schema\\\/logo\\\/image\\\/\",\"url\":\"https:\\\/\\\/www.latribunedeplanas.com\\\/wp-content\\\/uploads\\\/2021\\\/11\\\/logo-sos-planas-0.png\",\"contentUrl\":\"https:\\\/\\\/www.latribunedeplanas.com\\\/wp-content\\\/uploads\\\/2021\\\/11\\\/logo-sos-planas-0.png\",\"width\":600,\"height\":400,\"caption\":\"Vecinos de Planes del Rei (SOSPlanes)\"},\"image\":{\"@id\":\"https:\\\/\\\/www.latribunedeplanas.com\\\/es\\\/#\\\/schema\\\/logo\\\/image\\\/\"},\"sameAs\":[\"https:\\\/\\\/www.facebook.com\\\/groups\\\/1220895301376005\\\/\",\"https:\\\/\\\/www.instagram.com\\\/lasplanasdelrey\\\/\"]},{\"@type\":\"Person\",\"@id\":\"https:\\\/\\\/www.latribunedeplanas.com\\\/es\\\/#\\\/schema\\\/person\\\/590a87318688792f18d8e1c983528bc8\",\"name\":\"Jim\",\"image\":{\"@type\":\"ImageObject\",\"inLanguage\":\"es\",\"@id\":\"https:\\\/\\\/secure.gravatar.com\\\/avatar\\\/5a89228fd282eb9ee33a60b4ff06f9c31751866f1fb91ca56263af0968354113?s=96&d=mm&r=g\",\"url\":\"https:\\\/\\\/secure.gravatar.com\\\/avatar\\\/5a89228fd282eb9ee33a60b4ff06f9c31751866f1fb91ca56263af0968354113?s=96&d=mm&r=g\",\"contentUrl\":\"https:\\\/\\\/secure.gravatar.com\\\/avatar\\\/5a89228fd282eb9ee33a60b4ff06f9c31751866f1fb91ca56263af0968354113?s=96&d=mm&r=g\",\"caption\":\"Jim\"},\"sameAs\":[\"https:\\\/\\\/www.creawebsite.be\\\/\",\"https:\\\/\\\/www.facebook.com\\\/Creawebsite-113915200150984\",\"https:\\\/\\\/www.instagram.com\\\/creawebsite.be\\\/\",\"https:\\\/\\\/www.linkedin.com\\\/in\\\/jean-marc-delchef\\\/\"]}]}<\/script>\n<!-- \/ Yoast SEO plugin. -->","yoast_head_json":{"title":"13 de octubre de 1964 - Plan Parcial de Ordenaci\u00f3n \u2013 Ordenanzas - La Tribune de Planas","description":"An\u00e1lisis del Plan Parcial de 1964 que estableci\u00f3 las normas urban\u00edsticas y obligaciones municipales para Planas del Rey.","robots":{"index":"index","follow":"follow","max-snippet":"max-snippet:-1","max-image-preview":"max-image-preview:large","max-video-preview":"max-video-preview:-1"},"canonical":"https:\/\/www.latribunedeplanas.com\/es\/plan-parcial-de-ordenacion-ordenanzas-13-de-octubre-de-1964\/","og_locale":"es_ES","og_type":"article","og_title":"13 de octubre de 1964 - Plan Parcial de Ordenaci\u00f3n \u2013 Ordenanzas - La Tribune de Planas","og_description":"An\u00e1lisis del Plan Parcial de 1964 que estableci\u00f3 las normas urban\u00edsticas y obligaciones municipales para Planas del Rey.","og_url":"https:\/\/www.latribunedeplanas.com\/es\/plan-parcial-de-ordenacion-ordenanzas-13-de-octubre-de-1964\/","og_site_name":"La Tribune de Planas","article_publisher":"https:\/\/www.facebook.com\/groups\/1220895301376005\/","article_author":"https:\/\/www.facebook.com\/Creawebsite-113915200150984","article_published_time":"1964-10-13T15:18:38+00:00","article_modified_time":"2025-08-13T09:44:44+00:00","author":"Jim","twitter_card":"summary_large_image","twitter_misc":{"Escrito por":"Jim","Tiempo de lectura":"3 minutos"},"schema":{"@context":"https:\/\/schema.org","@graph":[{"@type":"Article","@id":"https:\/\/www.latribunedeplanas.com\/es\/plan-parcial-de-ordenacion-ordenanzas-13-de-octubre-de-1964\/#article","isPartOf":{"@id":"https:\/\/www.latribunedeplanas.com\/es\/plan-parcial-de-ordenacion-ordenanzas-13-de-octubre-de-1964\/"},"author":{"name":"Jim","@id":"https:\/\/www.latribunedeplanas.com\/es\/#\/schema\/person\/590a87318688792f18d8e1c983528bc8"},"headline":"13 de octubre de 1964 &#8211; Plan Parcial de Ordenaci\u00f3n \u2013 Ordenanzas","datePublished":"1964-10-13T15:18:38+00:00","dateModified":"2025-08-13T09:44:44+00:00","mainEntityOfPage":{"@id":"https:\/\/www.latribunedeplanas.com\/es\/plan-parcial-de-ordenacion-ordenanzas-13-de-octubre-de-1964\/"},"wordCount":689,"publisher":{"@id":"https:\/\/www.latribunedeplanas.com\/es\/#organization"},"articleSection":["Documentos"],"inLanguage":"es"},{"@type":"WebPage","@id":"https:\/\/www.latribunedeplanas.com\/es\/plan-parcial-de-ordenacion-ordenanzas-13-de-octubre-de-1964\/","url":"https:\/\/www.latribunedeplanas.com\/es\/plan-parcial-de-ordenacion-ordenanzas-13-de-octubre-de-1964\/","name":"13 de octubre de 1964 - Plan Parcial de Ordenaci\u00f3n \u2013 Ordenanzas - La Tribune de Planas","isPartOf":{"@id":"https:\/\/www.latribunedeplanas.com\/es\/#website"},"datePublished":"1964-10-13T15:18:38+00:00","dateModified":"2025-08-13T09:44:44+00:00","description":"An\u00e1lisis del Plan Parcial de 1964 que estableci\u00f3 las normas urban\u00edsticas y obligaciones municipales para Planas del Rey.","breadcrumb":{"@id":"https:\/\/www.latribunedeplanas.com\/es\/plan-parcial-de-ordenacion-ordenanzas-13-de-octubre-de-1964\/#breadcrumb"},"inLanguage":"es","potentialAction":[{"@type":"ReadAction","target":["https:\/\/www.latribunedeplanas.com\/es\/plan-parcial-de-ordenacion-ordenanzas-13-de-octubre-de-1964\/"]}]},{"@type":"BreadcrumbList","@id":"https:\/\/www.latribunedeplanas.com\/es\/plan-parcial-de-ordenacion-ordenanzas-13-de-octubre-de-1964\/#breadcrumb","itemListElement":[{"@type":"ListItem","position":1,"name":"Accueil","item":"https:\/\/www.latribunedeplanas.com\/es\/"},{"@type":"ListItem","position":2,"name":"13 de octubre de 1964 &#8211; Plan Parcial de Ordenaci\u00f3n \u2013 Ordenanzas"}]},{"@type":"WebSite","@id":"https:\/\/www.latribunedeplanas.com\/es\/#website","url":"https:\/\/www.latribunedeplanas.com\/es\/","name":"La Tribune de Planas","description":"Les Planes del Rei - Urbanizaci\u00f3n del municipio de Pratdip","publisher":{"@id":"https:\/\/www.latribunedeplanas.com\/es\/#organization"},"potentialAction":[{"@type":"SearchAction","target":{"@type":"EntryPoint","urlTemplate":"https:\/\/www.latribunedeplanas.com\/es\/?s={search_term_string}"},"query-input":{"@type":"PropertyValueSpecification","valueRequired":true,"valueName":"search_term_string"}}],"inLanguage":"es"},{"@type":"Organization","@id":"https:\/\/www.latribunedeplanas.com\/es\/#organization","name":"Vecinos de Planes del Rei (SOSPlanes)","url":"https:\/\/www.latribunedeplanas.com\/es\/","logo":{"@type":"ImageObject","inLanguage":"es","@id":"https:\/\/www.latribunedeplanas.com\/es\/#\/schema\/logo\/image\/","url":"https:\/\/www.latribunedeplanas.com\/wp-content\/uploads\/2021\/11\/logo-sos-planas-0.png","contentUrl":"https:\/\/www.latribunedeplanas.com\/wp-content\/uploads\/2021\/11\/logo-sos-planas-0.png","width":600,"height":400,"caption":"Vecinos de Planes del Rei (SOSPlanes)"},"image":{"@id":"https:\/\/www.latribunedeplanas.com\/es\/#\/schema\/logo\/image\/"},"sameAs":["https:\/\/www.facebook.com\/groups\/1220895301376005\/","https:\/\/www.instagram.com\/lasplanasdelrey\/"]},{"@type":"Person","@id":"https:\/\/www.latribunedeplanas.com\/es\/#\/schema\/person\/590a87318688792f18d8e1c983528bc8","name":"Jim","image":{"@type":"ImageObject","inLanguage":"es","@id":"https:\/\/secure.gravatar.com\/avatar\/5a89228fd282eb9ee33a60b4ff06f9c31751866f1fb91ca56263af0968354113?s=96&d=mm&r=g","url":"https:\/\/secure.gravatar.com\/avatar\/5a89228fd282eb9ee33a60b4ff06f9c31751866f1fb91ca56263af0968354113?s=96&d=mm&r=g","contentUrl":"https:\/\/secure.gravatar.com\/avatar\/5a89228fd282eb9ee33a60b4ff06f9c31751866f1fb91ca56263af0968354113?s=96&d=mm&r=g","caption":"Jim"},"sameAs":["https:\/\/www.creawebsite.be\/","https:\/\/www.facebook.com\/Creawebsite-113915200150984","https:\/\/www.instagram.com\/creawebsite.be\/","https:\/\/www.linkedin.com\/in\/jean-marc-delchef\/"]}]}},"_links":{"self":[{"href":"https:\/\/www.latribunedeplanas.com\/es\/wp-json\/wp\/v2\/posts\/27557","targetHints":{"allow":["GET"]}}],"collection":[{"href":"https:\/\/www.latribunedeplanas.com\/es\/wp-json\/wp\/v2\/posts"}],"about":[{"href":"https:\/\/www.latribunedeplanas.com\/es\/wp-json\/wp\/v2\/types\/post"}],"author":[{"embeddable":true,"href":"https:\/\/www.latribunedeplanas.com\/es\/wp-json\/wp\/v2\/users\/1"}],"replies":[{"embeddable":true,"href":"https:\/\/www.latribunedeplanas.com\/es\/wp-json\/wp\/v2\/comments?post=27557"}],"version-history":[{"count":8,"href":"https:\/\/www.latribunedeplanas.com\/es\/wp-json\/wp\/v2\/posts\/27557\/revisions"}],"predecessor-version":[{"id":27694,"href":"https:\/\/www.latribunedeplanas.com\/es\/wp-json\/wp\/v2\/posts\/27557\/revisions\/27694"}],"wp:attachment":[{"href":"https:\/\/www.latribunedeplanas.com\/es\/wp-json\/wp\/v2\/media?parent=27557"}],"wp:term":[{"taxonomy":"category","embeddable":true,"href":"https:\/\/www.latribunedeplanas.com\/es\/wp-json\/wp\/v2\/categories?post=27557"},{"taxonomy":"post_tag","embeddable":true,"href":"https:\/\/www.latribunedeplanas.com\/es\/wp-json\/wp\/v2\/tags?post=27557"}],"curies":[{"name":"wp","href":"https:\/\/api.w.org\/{rel}","templated":true}]}}