{"id":27523,"date":"2025-08-10T11:48:31","date_gmt":"2025-08-10T09:48:31","guid":{"rendered":"https:\/\/www.latribunedeplanas.com\/urbanisations-de-seconde-zone-le-cas-criant-de-planas-del-rey\/"},"modified":"2025-11-13T20:10:35","modified_gmt":"2025-11-13T19:10:35","slug":"urbanizaciones-de-segunda-categoria-el-caso-flagrante-de-planes-del-rei","status":"publish","type":"post","link":"https:\/\/www.latribunedeplanas.com\/es\/urbanizaciones-de-segunda-categoria-el-caso-flagrante-de-planes-del-rei\/","title":{"rendered":"Urbanizaciones \u201cde segunda categor\u00eda\u201d: el caso flagrante de Planes del Rei"},"content":{"rendered":"<p>[et_pb_section fb_built=\u00bb1&#8243; admin_label=\u00bbSection-Article\u00bb module_class=\u00bbsection-article\u00bb _builder_version=\u00bb4.18.0&#8243; custom_margin=\u00bb0px|0px|0px|0px\u00bb custom_padding=\u00bb0px|0px|0px|0px\u00bb global_colors_info=\u00bb{}\u00bb][et_pb_row use_custom_gutter=\u00bbon\u00bb gutter_width=\u00bb1&#8243; admin_label=\u00bbLigne-Article\u00bb module_class=\u00bbligne-article et_pb_row_fullwidth\u00bb _builder_version=\u00bb4.16&#8243; width=\u00bb100%\u00bb width_tablet=\u00bb100%\u00bb width_phone=\u00bb\u00bb width_last_edited=\u00bbon|desktop\u00bb max_width=\u00bb100%\u00bb max_width_tablet=\u00bb100%\u00bb max_width_phone=\u00bb\u00bb max_width_last_edited=\u00bbon|desktop\u00bb custom_margin=\u00bb0px||0px\u00bb custom_padding=\u00bb0px||0px\u00bb make_fullwidth=\u00bbon\u00bb global_colors_info=\u00bb{}\u00bb][et_pb_column type=\u00bb4_4&#8243; _builder_version=\u00bb4.16&#8243; custom_padding=\u00bb|||\u00bb global_colors_info=\u00bb{}\u00bb custom_padding__hover=\u00bb|||\u00bb][et_pb_text admin_label=\u00bbTexte-Urbanizaciones \u201cde segunda categor\u00eda\u201d: el caso flagrante de Planes del Rei\u00bb module_class=\u00bbtxt-article\u00bb _builder_version=\u00bb4.27.4&#8243; text_font=\u00bb|300|||||||\u00bb header_font=\u00bb||||||||\u00bb header_2_line_height=\u00bb1.2em\u00bb header_3_font=\u00bb||||||||\u00bb header_3_line_height=\u00bb1.3em\u00bb header_4_text_align=\u00bbcenter\u00bb custom_padding=\u00bb||||false|false\u00bb text_line_height_tablet=\u00bb\u00bb text_line_height_phone=\u00bb1.3em\u00bb text_line_height_last_edited=\u00bbon|desktop\u00bb header_2_font_size_tablet=\u00bb\u00bb header_2_font_size_phone=\u00bb\u00bb header_2_font_size_last_edited=\u00bbon|phone\u00bb header_3_font_size_tablet=\u00bb\u00bb header_3_font_size_phone=\u00bb23px\u00bb header_3_font_size_last_edited=\u00bbon|desktop\u00bb global_colors_info=\u00bb{}\u00bb]<\/p>\n<p class=\"legende-2\">Foto: HANS VAN GEFFEN<\/p>\n<h2>Un problema generalizado en Catalu\u00f1a<\/h2>\n<p>El diario catal\u00e1n <em>El Punt Avui<\/em> publicaba el <span class=\"accentue\">7 de agosto de 2025<\/span> un art\u00edculo titulado <a href=\"https:\/\/www.latribunedeplanas.com\/es\/urbanizaciones-de-segunda\/\">\u00abUrbanitzacions de segona\u00bb<\/a>, que ofrec\u00eda un panorama preocupante: cerca de <span class=\"accentue\">1.500 urbanizaciones<\/span> est\u00e1n registradas en Catalu\u00f1a, y casi la mitad a\u00fan <span class=\"accentue\">no est\u00e1n regularizadas por su ayuntamiento<\/span>. Esta falta de regularizaci\u00f3n impide o retrasa la prestaci\u00f3n de <span class=\"accentue\">servicios p\u00fablicos esenciales<\/span> (agua, alumbrado, v\u00edas p\u00fablicas, saneamiento), a pesar del pago de impuestos por parte de los residentes.<\/p>\n<p>La <span class=\"accentue\">Diputaci\u00f3 de Barcelona<\/span> ha identificado <span class=\"accentue\">367 urbanizaciones con d\u00e9ficits<\/span> repartidas en <span class=\"accentue\">118 municipios<\/span>. Desde 2018, solo una decena de ellas han podido ser regularizadas e integradas en las redes municipales. Las cifras hablan por s\u00ed solas:<\/p>\n<ul>\n<li><span class=\"accentue\">83 %<\/span> no disponen o disponen precariamente de servicios b\u00e1sicos.<\/li>\n<li><span class=\"accentue\">74 %<\/span> no cuentan con ning\u00fan comercio.<\/li>\n<li><span class=\"accentue\">50 %<\/span> carecen de equipamientos p\u00fablicos.<\/li>\n<li><span class=\"accentue\">20 %<\/span> est\u00e1n situadas en suelo no urbanizable (parques naturales, etc.).<\/li>\n<\/ul>\n<hr style=\"margin-bottom: 30px;\" \/>\n<h2>Planes del Rei: un caso t\u00edpico\u2026 y agravado<\/h2>\n<p>Planes del Rei ilustra perfectamente este problema estructural, pero con factores agravantes. Aqu\u00ed, la <span class=\"accentue\">antigua ECU<\/span> (Entitat Urban\u00edstica Col\u00b7laboradora de Conservaci\u00f3) fue <a href=\"https:\/\/www.latribunedeplanas.com\/es\/sentencia-del-tribunal-superior-de-justicia-de-cataluna\/\">disuelta en 2016<\/a> tras ser declarada ilegal. Sin embargo, el ayuntamiento de Pratdip sigue neg\u00e1ndose a prestar los servicios m\u00ednimos, alegando que la urbanizaci\u00f3n no est\u00e1 \u201cintegrada\u201d.<\/p>\n<p>Este bloqueo no es \u00fanicamente t\u00e9cnico o financiero: tambi\u00e9n es <span class=\"accentue\">pol\u00edtico<\/span>. Desde hace a\u00f1os, el ayuntamiento se escuda en la falta de recepci\u00f3n oficial para eludir sus obligaciones, a pesar de las disposiciones legales que imponen dichos servicios en las zonas habitadas.<\/p>\n<hr style=\"margin-bottom: 30px;\" \/>\n<h2>Un nuevo marco legal: el decreto-ley 2\/2025<\/h2>\n<p>En vigor desde el <span class=\"accentue\">27 de febrero de 2025<\/span>, el <span class=\"accentue\">decreto-ley 2\/2025<\/span> del gobierno catal\u00e1n introduce cambios importantes:<\/p>\n<ul>\n<li>Ahora permite a los ayuntamientos prestar <span class=\"accentue\">servicios m\u00ednimos<\/span> incluso en zonas <span class=\"accentue\">no urbanizables<\/span>.<\/li>\n<li>Autoriza la implantaci\u00f3n de <span class=\"accentue\">soluciones aut\u00f3nomas<\/span> (como fosas s\u00e9pticas colectivas) cuando no sea posible la conexi\u00f3n a una red p\u00fablica.<\/li>\n<li>Abre la posibilidad de realizar <span class=\"accentue\">recepciones progresivas<\/span> de las infraestructuras, evitando que los propietarios tengan que asumir todos los costes de una sola vez.<\/li>\n<li>Refuerza la <span class=\"accentue\">transparencia<\/span> obligando a los ayuntamientos a publicar sus planes urban\u00edsticos en un registro accesible a todos.<\/li>\n<\/ul>\n<p>En la pr\u00e1ctica, para Planes del Rei, esto significa que <span class=\"accentue\">ya no existe ning\u00fan fundamento legal serio para negar los servicios m\u00ednimos<\/span>. El problema ya no es demostrar el derecho: ahora se trata de <span class=\"accentue\">obligar al ayuntamiento a aplicar la ley<\/span>.<\/p>\n<hr style=\"margin-bottom: 30px;\" \/>\n<h2>\u00bfY ahora qu\u00e9?<\/h2>\n<p>Este nuevo marco jur\u00eddico abre v\u00edas de acci\u00f3n:<\/p>\n<ul>\n<li>Exigir la <span class=\"accentue\">publicaci\u00f3n oficial<\/span> de la situaci\u00f3n urban\u00edstica de Planes del Rei.<\/li>\n<li>Solicitar una <span class=\"accentue\">recepci\u00f3n progresiva<\/span> de las infraestructuras.<\/li>\n<li>Utilizar la <span class=\"accentue\">jurisprudencia<\/span> y las disposiciones del decreto-ley para respaldar un recurso administrativo o judicial.<\/li>\n<li>Movilizar la opini\u00f3n p\u00fablica, subrayando que Planas no es un caso aislado, sino un ejemplo emblem\u00e1tico de urbanizaci\u00f3n \u201cde segunda categor\u00eda\u201d que la ley ya permite regularizar.<\/li>\n<\/ul>\n<hr style=\"margin-bottom: 30px;\" \/>\n<h2>Conclusi\u00f3n<\/h2>\n<p>El art\u00edculo de <em>El Punt Avui<\/em> nos recuerda que Planes del Rei forma parte de un problema a escala de toda Catalu\u00f1a. Pero con el <span class=\"accentue\">decreto-ley 2\/2025<\/span>, el derecho acaba de inclinarse a favor de los vecinos: <span class=\"accentue\">los servicios m\u00ednimos pueden y deben prestarse<\/span>. Queda dar el paso decisivo: <span class=\"accentue\">hacer cumplir la ley frente a un bloqueo municipal que ya no tiene justificaci\u00f3n legal<\/span>.<\/p>\n<p class=\"accentue\">Asociaci\u00f3n Vecinos de Planes del Rei (SOSPlanes)<\/p>\n<p>[\/et_pb_text][et_pb_text admin_label=\u00bbTexte-Lien\u00bb module_class=\u00bbtxt-article\u00bb _builder_version=\u00bb4.27.4&#8243; text_font=\u00bb|300|||||||\u00bb header_font=\u00bb||||||||\u00bb header_2_line_height=\u00bb1.2em\u00bb header_3_font=\u00bb||||||||\u00bb header_3_line_height=\u00bb1.3em\u00bb header_4_text_align=\u00bbcenter\u00bb custom_padding=\u00bb30px||||false|false\u00bb text_line_height_tablet=\u00bb\u00bb text_line_height_phone=\u00bb1.3em\u00bb text_line_height_last_edited=\u00bbon|desktop\u00bb header_2_font_size_tablet=\u00bb\u00bb header_2_font_size_phone=\u00bb\u00bb header_2_font_size_last_edited=\u00bbon|phone\u00bb header_3_font_size_tablet=\u00bb\u00bb header_3_font_size_phone=\u00bb23px\u00bb header_3_font_size_last_edited=\u00bbon|desktop\u00bb global_colors_info=\u00bb{}\u00bb]<\/p>\n<p><a href=\"https:\/\/www.latribunedeplanas.com\/es\/urbanizaciones-de-segunda\/\"><br \/>\n-Leer tambi\u00e9n: Art\u00edculo original de El Punt Avui traducido en castellano<\/p>\n<p>[\/et_pb_text][\/et_pb_column][\/et_pb_row][\/et_pb_section]<\/p>\n","protected":false},"excerpt":{"rendered":"<p>Foto: HANS VAN GEFFEN Un problema generalizado en Catalu\u00f1a El diario catal\u00e1n El Punt Avui publicaba el 7 de agosto de 2025 un art\u00edculo titulado \u00abUrbanitzacions de segona\u00bb, que ofrec\u00eda un panorama preocupante: cerca de 1.500 urbanizaciones est\u00e1n registradas en Catalu\u00f1a, y casi la mitad a\u00fan no est\u00e1n regularizadas por su ayuntamiento. Esta falta de [&hellip;]<\/p>\n","protected":false},"author":1,"featured_media":27456,"comment_status":"open","ping_status":"open","sticky":false,"template":"","format":"standard","meta":{"_et_pb_use_builder":"on","_et_pb_old_content":"","_et_gb_content_width":"","footnotes":""},"categories":[189],"tags":[],"class_list":["post-27523","post","type-post","status-publish","format-standard","has-post-thumbnail","hentry","category-articulos-de-2025"],"yoast_head":"<!-- This site is optimized with the Yoast SEO plugin v27.5 - https:\/\/yoast.com\/product\/yoast-seo-wordpress\/ -->\n<title>Urbanizaciones \u201cde segunda categor\u00eda\u201d: Planes del Rei<\/title>\n<meta name=\"description\" content=\"El decreto-ley 2\/2025 abre la v\u00eda para que Planes del Rei obtenga por fin los servicios m\u00ednimos que Pratdip lleva a\u00f1os negando\" \/>\n<meta name=\"robots\" content=\"index, follow, max-snippet:-1, max-image-preview:large, max-video-preview:-1\" \/>\n<link rel=\"canonical\" href=\"https:\/\/www.latribunedeplanas.com\/es\/urbanizaciones-de-segunda-categoria-el-caso-flagrante-de-planes-del-rei\/\" \/>\n<meta property=\"og:locale\" content=\"es_ES\" \/>\n<meta property=\"og:type\" content=\"article\" \/>\n<meta property=\"og:title\" content=\"Urbanizaciones \u201cde segunda categor\u00eda\u201d: Planes del Rei\" \/>\n<meta property=\"og:description\" content=\"El decreto-ley 2\/2025 abre la v\u00eda para que Planes del Rei obtenga por fin los servicios m\u00ednimos que Pratdip lleva a\u00f1os negando\" \/>\n<meta property=\"og:url\" content=\"https:\/\/www.latribunedeplanas.com\/es\/urbanizaciones-de-segunda-categoria-el-caso-flagrante-de-planes-del-rei\/\" \/>\n<meta property=\"og:site_name\" content=\"La Tribune de Planas\" \/>\n<meta property=\"article:publisher\" content=\"https:\/\/www.facebook.com\/groups\/1220895301376005\/\" \/>\n<meta property=\"article:author\" content=\"https:\/\/www.facebook.com\/Creawebsite-113915200150984\" \/>\n<meta property=\"article:published_time\" content=\"2025-08-10T09:48:31+00:00\" \/>\n<meta property=\"article:modified_time\" content=\"2025-11-13T19:10:35+00:00\" \/>\n<meta property=\"og:image\" content=\"https:\/\/www.latribunedeplanas.com\/wp-content\/uploads\/2025\/08\/vue-du-ciel.jpg\" \/>\n\t<meta property=\"og:image:width\" content=\"1080\" \/>\n\t<meta property=\"og:image:height\" content=\"700\" \/>\n\t<meta property=\"og:image:type\" content=\"image\/jpeg\" \/>\n<meta name=\"author\" content=\"Jim\" \/>\n<meta name=\"twitter:card\" content=\"summary_large_image\" \/>\n<meta name=\"twitter:label1\" content=\"Escrito por\" \/>\n\t<meta name=\"twitter:data1\" content=\"Jim\" \/>\n\t<meta name=\"twitter:label2\" content=\"Tiempo de lectura\" \/>\n\t<meta name=\"twitter:data2\" content=\"4 minutos\" \/>\n<script type=\"application\/ld+json\" class=\"yoast-schema-graph\">{\"@context\":\"https:\\\/\\\/schema.org\",\"@graph\":[{\"@type\":\"Article\",\"@id\":\"https:\\\/\\\/www.latribunedeplanas.com\\\/es\\\/urbanizaciones-de-segunda-categoria-el-caso-flagrante-de-planes-del-rei\\\/#article\",\"isPartOf\":{\"@id\":\"https:\\\/\\\/www.latribunedeplanas.com\\\/es\\\/urbanizaciones-de-segunda-categoria-el-caso-flagrante-de-planes-del-rei\\\/\"},\"author\":{\"name\":\"Jim\",\"@id\":\"https:\\\/\\\/www.latribunedeplanas.com\\\/es\\\/#\\\/schema\\\/person\\\/590a87318688792f18d8e1c983528bc8\"},\"headline\":\"Urbanizaciones \u201cde segunda categor\u00eda\u201d: el caso flagrante de Planes del Rei\",\"datePublished\":\"2025-08-10T09:48:31+00:00\",\"dateModified\":\"2025-11-13T19:10:35+00:00\",\"mainEntityOfPage\":{\"@id\":\"https:\\\/\\\/www.latribunedeplanas.com\\\/es\\\/urbanizaciones-de-segunda-categoria-el-caso-flagrante-de-planes-del-rei\\\/\"},\"wordCount\":893,\"commentCount\":4,\"publisher\":{\"@id\":\"https:\\\/\\\/www.latribunedeplanas.com\\\/es\\\/#organization\"},\"image\":{\"@id\":\"https:\\\/\\\/www.latribunedeplanas.com\\\/es\\\/urbanizaciones-de-segunda-categoria-el-caso-flagrante-de-planes-del-rei\\\/#primaryimage\"},\"thumbnailUrl\":\"https:\\\/\\\/www.latribunedeplanas.com\\\/wp-content\\\/uploads\\\/2025\\\/08\\\/vue-du-ciel.jpg\",\"articleSection\":[\"Art\u00edculos de 2025\"],\"inLanguage\":\"es\",\"potentialAction\":[{\"@type\":\"CommentAction\",\"name\":\"Comment\",\"target\":[\"https:\\\/\\\/www.latribunedeplanas.com\\\/es\\\/urbanizaciones-de-segunda-categoria-el-caso-flagrante-de-planes-del-rei\\\/#respond\"]}]},{\"@type\":\"WebPage\",\"@id\":\"https:\\\/\\\/www.latribunedeplanas.com\\\/es\\\/urbanizaciones-de-segunda-categoria-el-caso-flagrante-de-planes-del-rei\\\/\",\"url\":\"https:\\\/\\\/www.latribunedeplanas.com\\\/es\\\/urbanizaciones-de-segunda-categoria-el-caso-flagrante-de-planes-del-rei\\\/\",\"name\":\"Urbanizaciones \u201cde segunda categor\u00eda\u201d: Planes del Rei\",\"isPartOf\":{\"@id\":\"https:\\\/\\\/www.latribunedeplanas.com\\\/es\\\/#website\"},\"primaryImageOfPage\":{\"@id\":\"https:\\\/\\\/www.latribunedeplanas.com\\\/es\\\/urbanizaciones-de-segunda-categoria-el-caso-flagrante-de-planes-del-rei\\\/#primaryimage\"},\"image\":{\"@id\":\"https:\\\/\\\/www.latribunedeplanas.com\\\/es\\\/urbanizaciones-de-segunda-categoria-el-caso-flagrante-de-planes-del-rei\\\/#primaryimage\"},\"thumbnailUrl\":\"https:\\\/\\\/www.latribunedeplanas.com\\\/wp-content\\\/uploads\\\/2025\\\/08\\\/vue-du-ciel.jpg\",\"datePublished\":\"2025-08-10T09:48:31+00:00\",\"dateModified\":\"2025-11-13T19:10:35+00:00\",\"description\":\"El decreto-ley 2\\\/2025 abre la v\u00eda para que Planes del Rei obtenga por fin los servicios m\u00ednimos que Pratdip lleva a\u00f1os negando\",\"breadcrumb\":{\"@id\":\"https:\\\/\\\/www.latribunedeplanas.com\\\/es\\\/urbanizaciones-de-segunda-categoria-el-caso-flagrante-de-planes-del-rei\\\/#breadcrumb\"},\"inLanguage\":\"es\",\"potentialAction\":[{\"@type\":\"ReadAction\",\"target\":[\"https:\\\/\\\/www.latribunedeplanas.com\\\/es\\\/urbanizaciones-de-segunda-categoria-el-caso-flagrante-de-planes-del-rei\\\/\"]}]},{\"@type\":\"ImageObject\",\"inLanguage\":\"es\",\"@id\":\"https:\\\/\\\/www.latribunedeplanas.com\\\/es\\\/urbanizaciones-de-segunda-categoria-el-caso-flagrante-de-planes-del-rei\\\/#primaryimage\",\"url\":\"https:\\\/\\\/www.latribunedeplanas.com\\\/wp-content\\\/uploads\\\/2025\\\/08\\\/vue-du-ciel.jpg\",\"contentUrl\":\"https:\\\/\\\/www.latribunedeplanas.com\\\/wp-content\\\/uploads\\\/2025\\\/08\\\/vue-du-ciel.jpg\",\"width\":1080,\"height\":700,\"caption\":\"Hans van Geffen\"},{\"@type\":\"BreadcrumbList\",\"@id\":\"https:\\\/\\\/www.latribunedeplanas.com\\\/es\\\/urbanizaciones-de-segunda-categoria-el-caso-flagrante-de-planes-del-rei\\\/#breadcrumb\",\"itemListElement\":[{\"@type\":\"ListItem\",\"position\":1,\"name\":\"Accueil\",\"item\":\"https:\\\/\\\/www.latribunedeplanas.com\\\/es\\\/\"},{\"@type\":\"ListItem\",\"position\":2,\"name\":\"Urbanizaciones \u201cde segunda categor\u00eda\u201d: el caso flagrante de Planes del Rei\"}]},{\"@type\":\"WebSite\",\"@id\":\"https:\\\/\\\/www.latribunedeplanas.com\\\/es\\\/#website\",\"url\":\"https:\\\/\\\/www.latribunedeplanas.com\\\/es\\\/\",\"name\":\"La Tribune de Planas\",\"description\":\"Les Planes del Rei - Urbanizaci\u00f3n del municipio de Pratdip\",\"publisher\":{\"@id\":\"https:\\\/\\\/www.latribunedeplanas.com\\\/es\\\/#organization\"},\"potentialAction\":[{\"@type\":\"SearchAction\",\"target\":{\"@type\":\"EntryPoint\",\"urlTemplate\":\"https:\\\/\\\/www.latribunedeplanas.com\\\/es\\\/?s={search_term_string}\"},\"query-input\":{\"@type\":\"PropertyValueSpecification\",\"valueRequired\":true,\"valueName\":\"search_term_string\"}}],\"inLanguage\":\"es\"},{\"@type\":\"Organization\",\"@id\":\"https:\\\/\\\/www.latribunedeplanas.com\\\/es\\\/#organization\",\"name\":\"Vecinos de Planes del Rei (SOSPlanes)\",\"url\":\"https:\\\/\\\/www.latribunedeplanas.com\\\/es\\\/\",\"logo\":{\"@type\":\"ImageObject\",\"inLanguage\":\"es\",\"@id\":\"https:\\\/\\\/www.latribunedeplanas.com\\\/es\\\/#\\\/schema\\\/logo\\\/image\\\/\",\"url\":\"https:\\\/\\\/www.latribunedeplanas.com\\\/wp-content\\\/uploads\\\/2021\\\/11\\\/logo-sos-planas-0.png\",\"contentUrl\":\"https:\\\/\\\/www.latribunedeplanas.com\\\/wp-content\\\/uploads\\\/2021\\\/11\\\/logo-sos-planas-0.png\",\"width\":600,\"height\":400,\"caption\":\"Vecinos de Planes del Rei (SOSPlanes)\"},\"image\":{\"@id\":\"https:\\\/\\\/www.latribunedeplanas.com\\\/es\\\/#\\\/schema\\\/logo\\\/image\\\/\"},\"sameAs\":[\"https:\\\/\\\/www.facebook.com\\\/groups\\\/1220895301376005\\\/\",\"https:\\\/\\\/www.instagram.com\\\/lasplanasdelrey\\\/\"]},{\"@type\":\"Person\",\"@id\":\"https:\\\/\\\/www.latribunedeplanas.com\\\/es\\\/#\\\/schema\\\/person\\\/590a87318688792f18d8e1c983528bc8\",\"name\":\"Jim\",\"image\":{\"@type\":\"ImageObject\",\"inLanguage\":\"es\",\"@id\":\"https:\\\/\\\/secure.gravatar.com\\\/avatar\\\/5a89228fd282eb9ee33a60b4ff06f9c31751866f1fb91ca56263af0968354113?s=96&d=mm&r=g\",\"url\":\"https:\\\/\\\/secure.gravatar.com\\\/avatar\\\/5a89228fd282eb9ee33a60b4ff06f9c31751866f1fb91ca56263af0968354113?s=96&d=mm&r=g\",\"contentUrl\":\"https:\\\/\\\/secure.gravatar.com\\\/avatar\\\/5a89228fd282eb9ee33a60b4ff06f9c31751866f1fb91ca56263af0968354113?s=96&d=mm&r=g\",\"caption\":\"Jim\"},\"sameAs\":[\"https:\\\/\\\/www.creawebsite.be\\\/\",\"https:\\\/\\\/www.facebook.com\\\/Creawebsite-113915200150984\",\"https:\\\/\\\/www.instagram.com\\\/creawebsite.be\\\/\",\"https:\\\/\\\/www.linkedin.com\\\/in\\\/jean-marc-delchef\\\/\"]}]}<\/script>\n<!-- \/ Yoast SEO plugin. -->","yoast_head_json":{"title":"Urbanizaciones \u201cde segunda categor\u00eda\u201d: Planes del Rei","description":"El decreto-ley 2\/2025 abre la v\u00eda para que Planes del Rei obtenga por fin los servicios m\u00ednimos que Pratdip lleva a\u00f1os negando","robots":{"index":"index","follow":"follow","max-snippet":"max-snippet:-1","max-image-preview":"max-image-preview:large","max-video-preview":"max-video-preview:-1"},"canonical":"https:\/\/www.latribunedeplanas.com\/es\/urbanizaciones-de-segunda-categoria-el-caso-flagrante-de-planes-del-rei\/","og_locale":"es_ES","og_type":"article","og_title":"Urbanizaciones \u201cde segunda categor\u00eda\u201d: Planes del Rei","og_description":"El decreto-ley 2\/2025 abre la v\u00eda para que Planes del Rei obtenga por fin los servicios m\u00ednimos que Pratdip lleva a\u00f1os negando","og_url":"https:\/\/www.latribunedeplanas.com\/es\/urbanizaciones-de-segunda-categoria-el-caso-flagrante-de-planes-del-rei\/","og_site_name":"La Tribune de Planas","article_publisher":"https:\/\/www.facebook.com\/groups\/1220895301376005\/","article_author":"https:\/\/www.facebook.com\/Creawebsite-113915200150984","article_published_time":"2025-08-10T09:48:31+00:00","article_modified_time":"2025-11-13T19:10:35+00:00","og_image":[{"width":1080,"height":700,"url":"https:\/\/www.latribunedeplanas.com\/wp-content\/uploads\/2025\/08\/vue-du-ciel.jpg","type":"image\/jpeg"}],"author":"Jim","twitter_card":"summary_large_image","twitter_misc":{"Escrito por":"Jim","Tiempo de lectura":"4 minutos"},"schema":{"@context":"https:\/\/schema.org","@graph":[{"@type":"Article","@id":"https:\/\/www.latribunedeplanas.com\/es\/urbanizaciones-de-segunda-categoria-el-caso-flagrante-de-planes-del-rei\/#article","isPartOf":{"@id":"https:\/\/www.latribunedeplanas.com\/es\/urbanizaciones-de-segunda-categoria-el-caso-flagrante-de-planes-del-rei\/"},"author":{"name":"Jim","@id":"https:\/\/www.latribunedeplanas.com\/es\/#\/schema\/person\/590a87318688792f18d8e1c983528bc8"},"headline":"Urbanizaciones \u201cde segunda categor\u00eda\u201d: el caso flagrante de Planes del Rei","datePublished":"2025-08-10T09:48:31+00:00","dateModified":"2025-11-13T19:10:35+00:00","mainEntityOfPage":{"@id":"https:\/\/www.latribunedeplanas.com\/es\/urbanizaciones-de-segunda-categoria-el-caso-flagrante-de-planes-del-rei\/"},"wordCount":893,"commentCount":4,"publisher":{"@id":"https:\/\/www.latribunedeplanas.com\/es\/#organization"},"image":{"@id":"https:\/\/www.latribunedeplanas.com\/es\/urbanizaciones-de-segunda-categoria-el-caso-flagrante-de-planes-del-rei\/#primaryimage"},"thumbnailUrl":"https:\/\/www.latribunedeplanas.com\/wp-content\/uploads\/2025\/08\/vue-du-ciel.jpg","articleSection":["Art\u00edculos de 2025"],"inLanguage":"es","potentialAction":[{"@type":"CommentAction","name":"Comment","target":["https:\/\/www.latribunedeplanas.com\/es\/urbanizaciones-de-segunda-categoria-el-caso-flagrante-de-planes-del-rei\/#respond"]}]},{"@type":"WebPage","@id":"https:\/\/www.latribunedeplanas.com\/es\/urbanizaciones-de-segunda-categoria-el-caso-flagrante-de-planes-del-rei\/","url":"https:\/\/www.latribunedeplanas.com\/es\/urbanizaciones-de-segunda-categoria-el-caso-flagrante-de-planes-del-rei\/","name":"Urbanizaciones \u201cde segunda categor\u00eda\u201d: Planes del Rei","isPartOf":{"@id":"https:\/\/www.latribunedeplanas.com\/es\/#website"},"primaryImageOfPage":{"@id":"https:\/\/www.latribunedeplanas.com\/es\/urbanizaciones-de-segunda-categoria-el-caso-flagrante-de-planes-del-rei\/#primaryimage"},"image":{"@id":"https:\/\/www.latribunedeplanas.com\/es\/urbanizaciones-de-segunda-categoria-el-caso-flagrante-de-planes-del-rei\/#primaryimage"},"thumbnailUrl":"https:\/\/www.latribunedeplanas.com\/wp-content\/uploads\/2025\/08\/vue-du-ciel.jpg","datePublished":"2025-08-10T09:48:31+00:00","dateModified":"2025-11-13T19:10:35+00:00","description":"El decreto-ley 2\/2025 abre la v\u00eda para que Planes del Rei obtenga por fin los servicios m\u00ednimos que Pratdip lleva a\u00f1os negando","breadcrumb":{"@id":"https:\/\/www.latribunedeplanas.com\/es\/urbanizaciones-de-segunda-categoria-el-caso-flagrante-de-planes-del-rei\/#breadcrumb"},"inLanguage":"es","potentialAction":[{"@type":"ReadAction","target":["https:\/\/www.latribunedeplanas.com\/es\/urbanizaciones-de-segunda-categoria-el-caso-flagrante-de-planes-del-rei\/"]}]},{"@type":"ImageObject","inLanguage":"es","@id":"https:\/\/www.latribunedeplanas.com\/es\/urbanizaciones-de-segunda-categoria-el-caso-flagrante-de-planes-del-rei\/#primaryimage","url":"https:\/\/www.latribunedeplanas.com\/wp-content\/uploads\/2025\/08\/vue-du-ciel.jpg","contentUrl":"https:\/\/www.latribunedeplanas.com\/wp-content\/uploads\/2025\/08\/vue-du-ciel.jpg","width":1080,"height":700,"caption":"Hans van Geffen"},{"@type":"BreadcrumbList","@id":"https:\/\/www.latribunedeplanas.com\/es\/urbanizaciones-de-segunda-categoria-el-caso-flagrante-de-planes-del-rei\/#breadcrumb","itemListElement":[{"@type":"ListItem","position":1,"name":"Accueil","item":"https:\/\/www.latribunedeplanas.com\/es\/"},{"@type":"ListItem","position":2,"name":"Urbanizaciones \u201cde segunda categor\u00eda\u201d: el caso flagrante de Planes del Rei"}]},{"@type":"WebSite","@id":"https:\/\/www.latribunedeplanas.com\/es\/#website","url":"https:\/\/www.latribunedeplanas.com\/es\/","name":"La Tribune de Planas","description":"Les Planes del Rei - Urbanizaci\u00f3n del municipio de Pratdip","publisher":{"@id":"https:\/\/www.latribunedeplanas.com\/es\/#organization"},"potentialAction":[{"@type":"SearchAction","target":{"@type":"EntryPoint","urlTemplate":"https:\/\/www.latribunedeplanas.com\/es\/?s={search_term_string}"},"query-input":{"@type":"PropertyValueSpecification","valueRequired":true,"valueName":"search_term_string"}}],"inLanguage":"es"},{"@type":"Organization","@id":"https:\/\/www.latribunedeplanas.com\/es\/#organization","name":"Vecinos de Planes del Rei (SOSPlanes)","url":"https:\/\/www.latribunedeplanas.com\/es\/","logo":{"@type":"ImageObject","inLanguage":"es","@id":"https:\/\/www.latribunedeplanas.com\/es\/#\/schema\/logo\/image\/","url":"https:\/\/www.latribunedeplanas.com\/wp-content\/uploads\/2021\/11\/logo-sos-planas-0.png","contentUrl":"https:\/\/www.latribunedeplanas.com\/wp-content\/uploads\/2021\/11\/logo-sos-planas-0.png","width":600,"height":400,"caption":"Vecinos de Planes del Rei (SOSPlanes)"},"image":{"@id":"https:\/\/www.latribunedeplanas.com\/es\/#\/schema\/logo\/image\/"},"sameAs":["https:\/\/www.facebook.com\/groups\/1220895301376005\/","https:\/\/www.instagram.com\/lasplanasdelrey\/"]},{"@type":"Person","@id":"https:\/\/www.latribunedeplanas.com\/es\/#\/schema\/person\/590a87318688792f18d8e1c983528bc8","name":"Jim","image":{"@type":"ImageObject","inLanguage":"es","@id":"https:\/\/secure.gravatar.com\/avatar\/5a89228fd282eb9ee33a60b4ff06f9c31751866f1fb91ca56263af0968354113?s=96&d=mm&r=g","url":"https:\/\/secure.gravatar.com\/avatar\/5a89228fd282eb9ee33a60b4ff06f9c31751866f1fb91ca56263af0968354113?s=96&d=mm&r=g","contentUrl":"https:\/\/secure.gravatar.com\/avatar\/5a89228fd282eb9ee33a60b4ff06f9c31751866f1fb91ca56263af0968354113?s=96&d=mm&r=g","caption":"Jim"},"sameAs":["https:\/\/www.creawebsite.be\/","https:\/\/www.facebook.com\/Creawebsite-113915200150984","https:\/\/www.instagram.com\/creawebsite.be\/","https:\/\/www.linkedin.com\/in\/jean-marc-delchef\/"]}]}},"_links":{"self":[{"href":"https:\/\/www.latribunedeplanas.com\/es\/wp-json\/wp\/v2\/posts\/27523","targetHints":{"allow":["GET"]}}],"collection":[{"href":"https:\/\/www.latribunedeplanas.com\/es\/wp-json\/wp\/v2\/posts"}],"about":[{"href":"https:\/\/www.latribunedeplanas.com\/es\/wp-json\/wp\/v2\/types\/post"}],"author":[{"embeddable":true,"href":"https:\/\/www.latribunedeplanas.com\/es\/wp-json\/wp\/v2\/users\/1"}],"replies":[{"embeddable":true,"href":"https:\/\/www.latribunedeplanas.com\/es\/wp-json\/wp\/v2\/comments?post=27523"}],"version-history":[{"count":4,"href":"https:\/\/www.latribunedeplanas.com\/es\/wp-json\/wp\/v2\/posts\/27523\/revisions"}],"predecessor-version":[{"id":30285,"href":"https:\/\/www.latribunedeplanas.com\/es\/wp-json\/wp\/v2\/posts\/27523\/revisions\/30285"}],"wp:featuredmedia":[{"embeddable":true,"href":"https:\/\/www.latribunedeplanas.com\/es\/wp-json\/wp\/v2\/media\/27456"}],"wp:attachment":[{"href":"https:\/\/www.latribunedeplanas.com\/es\/wp-json\/wp\/v2\/media?parent=27523"}],"wp:term":[{"taxonomy":"category","embeddable":true,"href":"https:\/\/www.latribunedeplanas.com\/es\/wp-json\/wp\/v2\/categories?post=27523"},{"taxonomy":"post_tag","embeddable":true,"href":"https:\/\/www.latribunedeplanas.com\/es\/wp-json\/wp\/v2\/tags?post=27523"}],"curies":[{"name":"wp","href":"https:\/\/api.w.org\/{rel}","templated":true}]}}