{"id":21079,"date":"2022-07-21T11:38:35","date_gmt":"2022-07-21T09:38:35","guid":{"rendered":"https:\/\/www.latribunedeplanas.com\/?p=21079"},"modified":"2025-08-08T19:56:57","modified_gmt":"2025-08-08T17:56:57","slug":"unidos-y-la-nueva-comunidad","status":"publish","type":"post","link":"https:\/\/www.latribunedeplanas.com\/es\/unidos-y-la-nueva-comunidad\/","title":{"rendered":"UNIDOS y la nueva comunidad"},"content":{"rendered":"<p>[et_pb_section fb_built=\u00bb1&#8243; admin_label=\u00bbSection-Article\u00bb module_class=\u00bbsection-article\u00bb _builder_version=\u00bb4.16&#8243; custom_margin=\u00bb0px|0px|0px|0px\u00bb custom_padding=\u00bb0px|0px|0px|0px\u00bb global_colors_info=\u00bb{}\u00bb][et_pb_row use_custom_gutter=\u00bbon\u00bb gutter_width=\u00bb1&#8243; admin_label=\u00bbLigne-Article\u00bb module_class=\u00bbligne-article et_pb_row_fullwidth\u00bb _builder_version=\u00bb4.16&#8243; width=\u00bb100%\u00bb width_tablet=\u00bb100%\u00bb width_phone=\u00bb\u00bb width_last_edited=\u00bbon|desktop\u00bb max_width=\u00bb100%\u00bb max_width_tablet=\u00bb100%\u00bb max_width_phone=\u00bb\u00bb max_width_last_edited=\u00bbon|desktop\u00bb custom_margin=\u00bb0px||0px\u00bb custom_padding=\u00bb0px||0px\u00bb make_fullwidth=\u00bbon\u00bb global_colors_info=\u00bb{}\u00bb][et_pb_column type=\u00bb4_4&#8243; _builder_version=\u00bb4.16&#8243; custom_padding=\u00bb|||\u00bb global_colors_info=\u00bb{}\u00bb custom_padding__hover=\u00bb|||\u00bb][et_pb_text admin_label=\u00bbTexte-UNIDOS y la nueva comunidad\u00bb module_class=\u00bbtxt-article\u00bb _builder_version=\u00bb4.27.4&#8243; text_font=\u00bb|300|||||||\u00bb header_font=\u00bb||||||||\u00bb header_2_line_height=\u00bb1.2em\u00bb header_3_font=\u00bb||||||||\u00bb header_3_line_height=\u00bb1.3em\u00bb header_4_text_align=\u00bbcenter\u00bb hover_enabled=\u00bb0&#8243; text_line_height_tablet=\u00bb\u00bb text_line_height_phone=\u00bb1.3em\u00bb text_line_height_last_edited=\u00bbon|desktop\u00bb header_2_font_size_tablet=\u00bb\u00bb header_2_font_size_phone=\u00bb\u00bb header_2_font_size_last_edited=\u00bbon|phone\u00bb header_3_font_size_tablet=\u00bb\u00bb header_3_font_size_phone=\u00bb23px\u00bb header_3_font_size_last_edited=\u00bbon|desktop\u00bb global_colors_info=\u00bb{}\u00bb sticky_enabled=\u00bb0&#8243;]<\/p>\n<h2>Un nuevo alegato a favor de una \u201ccomunidad de propietarios\u201d<\/h2>\n<p>Estimados socios, estimadas socias, estimados simpatizantes, estimadas simpatizantes, estimados propietarios de Planes del Rei,<\/p>\n<p>Un miembro del grupo <span class=\"accentue\">Unidos Planes del Rei<\/span> ha publicado recientemente un texto que propone la creaci\u00f3n de una <span class=\"accentue\">comunidad de propietarios<\/span> en Planes del Rei.<\/p>\n<p>Desde hace m\u00e1s de diez a\u00f1os, rara vez estamos de acuerdo con esta asociaci\u00f3n, y una vez m\u00e1s deseamos responder serenamente, <span class=\"accentue\">mientras se nos permita expresarnos sin constantes amenazas de demandas judiciales<\/span>.<\/p>\n<hr style=\"margin-bottom: 30px;\" \/>\n<h2>1. \u201cLa comunidad no se encargar\u00eda del mantenimiento de Planas\u201d<\/h2>\n<p>Afirm\u00e1is que esta nueva comunidad <span class=\"accentue\">no tendr\u00eda como objetivo mantener Planas<\/span>, a diferencia de la antigua ECU, y que ello quedar\u00eda reflejado en sus estatutos.<\/p>\n<p>Desde 2013, hab\u00e9is cambiado tantas veces de opini\u00f3n que muchos dudan de vuestra coherencia. Y aunque seguimos haciendo el esfuerzo de creer en vuestra palabra, <span class=\"accentue\">vuestra cercan\u00eda al Ayuntamiento<\/span> es preocupante.<\/p>\n<p>Este mismo Ayuntamiento acaba de <span class=\"accentue\">aprobar nuevamente el proyecto de reparcelaci\u00f3n<\/span>. Esperemos a ver qu\u00e9 dice el Registro de Falset\u2026<\/p>\n<hr style=\"margin-bottom: 30px;\" \/>\n<h2>2. \u201cCrear una comunidad es normal cuando hay elementos comunes\u201d<\/h2>\n<p><span class=\"accentue\">FALSO<\/span>.<\/p>\n<p>En L\u2019Hospitalet de l\u2019Infant, Mont-roig del Camp, Cambrils\u2026 hay muchos elementos comunes y, sin embargo, <span class=\"accentue\">en ninguna de estas localidades existe una comunidad de propietarios impuesta<\/span>.<\/p>\n<p>En Planas, <span class=\"accentue\">somos propietarios de nuestras viviendas<\/span> y nada m\u00e1s. <span class=\"accentue\">No somos copropietarios ni multipropietarios<\/span>.<\/p>\n<p>Las <span class=\"accentue\">zonas verdes, calles, piscinas e infraestructuras<\/span> (el 45\u202f% del territorio) son propiedad del Ayuntamiento.<\/p>\n<p><span class=\"accentue\">No somos una urbanizaci\u00f3n privada<\/span>.<\/p>\n<hr style=\"margin-bottom: 30px;\" \/>\n<h2>3. \u201cLa comunidad representar\u00e1 democr\u00e1ticamente a todos los propietarios\u201d<\/h2>\n<p>Ser\u00eda un lujo democr\u00e1tico poder elegir entre varias estructuras que representen a los residentes.<\/p>\n<p>Algunos elegir\u00e1n a <span class=\"accentue\">AVPR \u2013 SOS Planas<\/span>, convencidos por <span class=\"accentue\">nuestros resultados judiciales en m\u00e1s de 12 a\u00f1os<\/span>.<\/p>\n<p>Otros preferir\u00e1n <span class=\"accentue\">Unidos<\/span>, creyendo que <span class=\"accentue\">una buena comida entre amigos<\/span> basta para resolver los problemas de Planas \u2014aunque <span class=\"accentue\">los resultados desde 2013 lo desmientan<\/span>.<\/p>\n<p>Y cuando lleguen las elecciones municipales, todos podremos votar por nuestro partido: <span class=\"accentue\">Avan\u00e7a Pratdip<\/span>, y apoyar a nuestros <span class=\"accentue\">valientes regidores<\/span> con la esperanza de que alg\u00fan d\u00eda logren la mayor\u00eda.<\/p>\n<p>Pero lo que propon\u00e9is, en realidad, es el <span class=\"accentue\">fin del pluralismo<\/span>. Es un <span class=\"accentue\">partido \u00fanico<\/span>, antesala de toda dictadura.<\/p>\n<hr style=\"margin-bottom: 30px;\" \/>\n<h2>4. \u201cMayor fuerza frente al Ayuntamiento\u201d<\/h2>\n<p>La \u00fanica <span class=\"accentue\">fuerza que reconoce el Ayuntamiento<\/span> es la <span class=\"accentue\">justicia<\/span>.<\/p>\n<p>Sin la <span class=\"accentue\">sentencia del 21 de julio de 2016<\/span>, seguir\u00edamos pagando impuestos a la ECU: unos <span class=\"accentue\">1.200 \u20ac por vivienda<\/span>, adem\u00e1s del agua y la basura.<\/p>\n<p>El presupuesto anual de la ECU superaba los <span class=\"accentue\">230.000 \u20ac<\/span>, lo que supone un <span class=\"accentue\">ahorro de casi 1,4 millones de euros desde 2016<\/span>.<\/p>\n<hr style=\"margin-bottom: 30px;\" \/>\n<h2>5. \u201cUna asociaci\u00f3n no puede representar a todos los propietarios\u201d<\/h2>\n<p><span class=\"accentue\">COMPLETAMENTE FALSO<\/span>.<\/p>\n<p>La <span class=\"accentue\">Asociaci\u00f3n de Vecinos de Planes del Rei (SOS Planas)<\/span>:<\/p>\n<ul>\n<li>fue <span class=\"accentue\">legalmente constituida hace 11 a\u00f1os<\/span><\/li>\n<li>cuenta con <span class=\"accentue\">estatutos redactados por un profesional del Derecho<\/span><\/li>\n<li>fue <span class=\"accentue\">publicada en el BOE<\/span>, cumpliendo con la legalidad y los principios democr\u00e1ticos<\/li>\n<\/ul>\n<p><span class=\"accentue\">Todos los propietarios<\/span> de Planas pueden unirse a ella y ser elegidos <span class=\"accentue\">vocal, tesorero, secretario, vicepresidente o presidente<\/span>.<\/p>\n<p>En 2018, el Ayuntamiento intent\u00f3 excluir a SOS Planas del procedimiento de ejecuci\u00f3n de la sentencia del 21 de julio de 2016.<\/p>\n<p>El <span class=\"accentue\">Tribunal Superior de Justicia de Catalu\u00f1a<\/span> fall\u00f3 el <span class=\"accentue\">31 de enero de 2020<\/span> a nuestro favor y confirm\u00f3 nuestra <span class=\"accentue\">representatividad<\/span>.<\/p>\n<hr style=\"margin-bottom: 30px;\" \/>\n<h2>Conclusi\u00f3n: el combate contin\u00faa<\/h2>\n<p>Este desaf\u00edo es dif\u00edcil de afrontar en solitario. Pero si no lo enfrentamos, <span class=\"accentue\">la urbanizaci\u00f3n de Planas fracasar\u00e1<\/span>.<\/p>\n<p>El Ayuntamiento, en la persona de su Alcalde, <span class=\"accentue\">se niega a aplicar la ley<\/span> desde siempre:<\/p>\n<ul>\n<li><span class=\"accentue\">la ECU a\u00fan no ha sido liquidada<\/span><\/li>\n<li>los <span class=\"accentue\">jueces han afirmado claramente<\/span> que el Ayuntamiento era su <span class=\"accentue\">ente tutelar<\/span><\/li>\n<li>todav\u00eda <span class=\"accentue\">se niega a prestar los servicios m\u00ednimos<\/span><\/li>\n<li>pretende imponer unas <span class=\"accentue\">obras de reurbanizaci\u00f3n<\/span> con un coste del <span class=\"accentue\">100\u202f% a cargo de los propietarios<\/span>, en condiciones <span class=\"accentue\">ilegales e inaceptables<\/span><\/li>\n<\/ul>\n<p>Por esta raz\u00f3n, en concertaci\u00f3n con nuestro abogado, <span class=\"accentue\">hemos decidido llevar el caso ante la jurisdicci\u00f3n penal<\/span>.<\/p>\n<p><span class=\"accentue\">Por la Asociaci\u00f3n de Vecinos de Planes del Rei (SOS Planas)<br \/>El Presidente, G\u00e9rard Marais<\/span><\/p>\n<p>[\/et_pb_text][et_pb_text admin_label=\u00bbTexte-Lien\u00bb module_class=\u00bbtxt-article\u00bb _builder_version=\u00bb4.27.4&#8243; text_font=\u00bb|300|||||||\u00bb header_font=\u00bb||||||||\u00bb header_2_line_height=\u00bb1.2em\u00bb header_3_font=\u00bb||||||||\u00bb header_3_line_height=\u00bb1.3em\u00bb header_4_text_align=\u00bbcenter\u00bb custom_padding=\u00bb30px||||false|false\u00bb hover_enabled=\u00bb0&#8243; text_line_height_tablet=\u00bb\u00bb text_line_height_phone=\u00bb1.3em\u00bb text_line_height_last_edited=\u00bbon|desktop\u00bb header_2_font_size_tablet=\u00bb\u00bb header_2_font_size_phone=\u00bb\u00bb header_2_font_size_last_edited=\u00bbon|phone\u00bb header_3_font_size_tablet=\u00bb\u00bb header_3_font_size_phone=\u00bb23px\u00bb header_3_font_size_last_edited=\u00bbon|desktop\u00bb locked=\u00bboff\u00bb global_colors_info=\u00bb{}\u00bb sticky_enabled=\u00bb0&#8243;]<\/p>\n<p><a href=\"https:\/\/www.latribunedeplanas.com\/es\/respuesta-del-tribunal-a-nuestra-denuncia-penal\/\">&#8211; Leer tambi\u00e9n: Respuesta del tribunal a nuestra denuncia penal<\/a><\/p>\n<p>[\/et_pb_text][\/et_pb_column][\/et_pb_row][\/et_pb_section]<\/p>\n","protected":false},"excerpt":{"rendered":"<p>Un nuevo alegato a favor de una \u201ccomunidad de propietarios\u201d Estimados socios, estimadas socias, estimados simpatizantes, estimadas simpatizantes, estimados propietarios de Planes del Rei, Un miembro del grupo Unidos Planes del Rei ha publicado recientemente un texto que propone la creaci\u00f3n de una comunidad de propietarios en Planes del Rei. Desde hace m\u00e1s de diez [&hellip;]<\/p>\n","protected":false},"author":1,"featured_media":21066,"comment_status":"closed","ping_status":"closed","sticky":false,"template":"","format":"standard","meta":{"_et_pb_use_builder":"on","_et_pb_old_content":"","_et_gb_content_width":"","footnotes":""},"categories":[202],"tags":[],"class_list":["post-21079","post","type-post","status-publish","format-standard","has-post-thumbnail","hentry","category-articulos-de-2021-y-2022"],"yoast_head":"<!-- This site is optimized with the Yoast SEO plugin v27.5 - https:\/\/yoast.com\/product\/yoast-seo-wordpress\/ -->\n<title>UNIDOS y la nueva comunidad - La Tribune de Planas<\/title>\n<meta name=\"description\" content=\"SOS Planas responde punto por punto a la propuesta de Unidos. \u00bfUna nueva comunidad? Una falsa soluci\u00f3n a un problema real.\" \/>\n<meta name=\"robots\" content=\"index, follow, max-snippet:-1, max-image-preview:large, max-video-preview:-1\" \/>\n<link rel=\"canonical\" href=\"https:\/\/www.latribunedeplanas.com\/es\/unidos-y-la-nueva-comunidad\/\" \/>\n<meta property=\"og:locale\" content=\"es_ES\" \/>\n<meta property=\"og:type\" content=\"article\" \/>\n<meta property=\"og:title\" content=\"UNIDOS y la nueva comunidad - La Tribune de Planas\" \/>\n<meta property=\"og:description\" content=\"SOS Planas responde punto por punto a la propuesta de Unidos. \u00bfUna nueva comunidad? Una falsa soluci\u00f3n a un problema real.\" \/>\n<meta property=\"og:url\" content=\"https:\/\/www.latribunedeplanas.com\/es\/unidos-y-la-nueva-comunidad\/\" \/>\n<meta property=\"og:site_name\" content=\"La Tribune de Planas\" \/>\n<meta property=\"article:publisher\" content=\"https:\/\/www.facebook.com\/groups\/1220895301376005\/\" \/>\n<meta property=\"article:author\" content=\"https:\/\/www.facebook.com\/Creawebsite-113915200150984\" \/>\n<meta property=\"article:published_time\" content=\"2022-07-21T09:38:35+00:00\" \/>\n<meta property=\"article:modified_time\" content=\"2025-08-08T17:56:57+00:00\" \/>\n<meta property=\"og:image\" content=\"https:\/\/www.latribunedeplanas.com\/wp-content\/uploads\/2022\/07\/andy-warhol-mao.jpg\" \/>\n\t<meta property=\"og:image:width\" content=\"1080\" \/>\n\t<meta property=\"og:image:height\" content=\"700\" \/>\n\t<meta property=\"og:image:type\" content=\"image\/jpeg\" \/>\n<meta name=\"author\" content=\"Jim\" \/>\n<meta name=\"twitter:card\" content=\"summary_large_image\" \/>\n<meta name=\"twitter:label1\" content=\"Escrito por\" \/>\n\t<meta name=\"twitter:data1\" content=\"Jim\" \/>\n\t<meta name=\"twitter:label2\" content=\"Tiempo de lectura\" \/>\n\t<meta name=\"twitter:data2\" content=\"4 minutos\" \/>\n<script type=\"application\/ld+json\" class=\"yoast-schema-graph\">{\"@context\":\"https:\\\/\\\/schema.org\",\"@graph\":[{\"@type\":\"Article\",\"@id\":\"https:\\\/\\\/www.latribunedeplanas.com\\\/es\\\/unidos-y-la-nueva-comunidad\\\/#article\",\"isPartOf\":{\"@id\":\"https:\\\/\\\/www.latribunedeplanas.com\\\/es\\\/unidos-y-la-nueva-comunidad\\\/\"},\"author\":{\"name\":\"Jim\",\"@id\":\"https:\\\/\\\/www.latribunedeplanas.com\\\/es\\\/#\\\/schema\\\/person\\\/590a87318688792f18d8e1c983528bc8\"},\"headline\":\"UNIDOS y la nueva comunidad\",\"datePublished\":\"2022-07-21T09:38:35+00:00\",\"dateModified\":\"2025-08-08T17:56:57+00:00\",\"mainEntityOfPage\":{\"@id\":\"https:\\\/\\\/www.latribunedeplanas.com\\\/es\\\/unidos-y-la-nueva-comunidad\\\/\"},\"wordCount\":982,\"publisher\":{\"@id\":\"https:\\\/\\\/www.latribunedeplanas.com\\\/es\\\/#organization\"},\"image\":{\"@id\":\"https:\\\/\\\/www.latribunedeplanas.com\\\/es\\\/unidos-y-la-nueva-comunidad\\\/#primaryimage\"},\"thumbnailUrl\":\"https:\\\/\\\/www.latribunedeplanas.com\\\/wp-content\\\/uploads\\\/2022\\\/07\\\/andy-warhol-mao.jpg\",\"articleSection\":[\"Art\u00edculos de 2021 y 2022\"],\"inLanguage\":\"es\"},{\"@type\":\"WebPage\",\"@id\":\"https:\\\/\\\/www.latribunedeplanas.com\\\/es\\\/unidos-y-la-nueva-comunidad\\\/\",\"url\":\"https:\\\/\\\/www.latribunedeplanas.com\\\/es\\\/unidos-y-la-nueva-comunidad\\\/\",\"name\":\"UNIDOS y la nueva comunidad - La Tribune de Planas\",\"isPartOf\":{\"@id\":\"https:\\\/\\\/www.latribunedeplanas.com\\\/es\\\/#website\"},\"primaryImageOfPage\":{\"@id\":\"https:\\\/\\\/www.latribunedeplanas.com\\\/es\\\/unidos-y-la-nueva-comunidad\\\/#primaryimage\"},\"image\":{\"@id\":\"https:\\\/\\\/www.latribunedeplanas.com\\\/es\\\/unidos-y-la-nueva-comunidad\\\/#primaryimage\"},\"thumbnailUrl\":\"https:\\\/\\\/www.latribunedeplanas.com\\\/wp-content\\\/uploads\\\/2022\\\/07\\\/andy-warhol-mao.jpg\",\"datePublished\":\"2022-07-21T09:38:35+00:00\",\"dateModified\":\"2025-08-08T17:56:57+00:00\",\"description\":\"SOS Planas responde punto por punto a la propuesta de Unidos. \u00bfUna nueva comunidad? Una falsa soluci\u00f3n a un problema real.\",\"breadcrumb\":{\"@id\":\"https:\\\/\\\/www.latribunedeplanas.com\\\/es\\\/unidos-y-la-nueva-comunidad\\\/#breadcrumb\"},\"inLanguage\":\"es\",\"potentialAction\":[{\"@type\":\"ReadAction\",\"target\":[\"https:\\\/\\\/www.latribunedeplanas.com\\\/es\\\/unidos-y-la-nueva-comunidad\\\/\"]}]},{\"@type\":\"ImageObject\",\"inLanguage\":\"es\",\"@id\":\"https:\\\/\\\/www.latribunedeplanas.com\\\/es\\\/unidos-y-la-nueva-comunidad\\\/#primaryimage\",\"url\":\"https:\\\/\\\/www.latribunedeplanas.com\\\/wp-content\\\/uploads\\\/2022\\\/07\\\/andy-warhol-mao.jpg\",\"contentUrl\":\"https:\\\/\\\/www.latribunedeplanas.com\\\/wp-content\\\/uploads\\\/2022\\\/07\\\/andy-warhol-mao.jpg\",\"width\":1080,\"height\":700,\"caption\":\"Andy Warhol, Mao\"},{\"@type\":\"BreadcrumbList\",\"@id\":\"https:\\\/\\\/www.latribunedeplanas.com\\\/es\\\/unidos-y-la-nueva-comunidad\\\/#breadcrumb\",\"itemListElement\":[{\"@type\":\"ListItem\",\"position\":1,\"name\":\"Accueil\",\"item\":\"https:\\\/\\\/www.latribunedeplanas.com\\\/es\\\/\"},{\"@type\":\"ListItem\",\"position\":2,\"name\":\"UNIDOS y la nueva comunidad\"}]},{\"@type\":\"WebSite\",\"@id\":\"https:\\\/\\\/www.latribunedeplanas.com\\\/es\\\/#website\",\"url\":\"https:\\\/\\\/www.latribunedeplanas.com\\\/es\\\/\",\"name\":\"La Tribune de Planas\",\"description\":\"Les Planes del Rei - Urbanizaci\u00f3n del municipio de Pratdip\",\"publisher\":{\"@id\":\"https:\\\/\\\/www.latribunedeplanas.com\\\/es\\\/#organization\"},\"potentialAction\":[{\"@type\":\"SearchAction\",\"target\":{\"@type\":\"EntryPoint\",\"urlTemplate\":\"https:\\\/\\\/www.latribunedeplanas.com\\\/es\\\/?s={search_term_string}\"},\"query-input\":{\"@type\":\"PropertyValueSpecification\",\"valueRequired\":true,\"valueName\":\"search_term_string\"}}],\"inLanguage\":\"es\"},{\"@type\":\"Organization\",\"@id\":\"https:\\\/\\\/www.latribunedeplanas.com\\\/es\\\/#organization\",\"name\":\"Vecinos de Planes del Rei (SOSPlanes)\",\"url\":\"https:\\\/\\\/www.latribunedeplanas.com\\\/es\\\/\",\"logo\":{\"@type\":\"ImageObject\",\"inLanguage\":\"es\",\"@id\":\"https:\\\/\\\/www.latribunedeplanas.com\\\/es\\\/#\\\/schema\\\/logo\\\/image\\\/\",\"url\":\"https:\\\/\\\/www.latribunedeplanas.com\\\/wp-content\\\/uploads\\\/2021\\\/11\\\/logo-sos-planas-0.png\",\"contentUrl\":\"https:\\\/\\\/www.latribunedeplanas.com\\\/wp-content\\\/uploads\\\/2021\\\/11\\\/logo-sos-planas-0.png\",\"width\":600,\"height\":400,\"caption\":\"Vecinos de Planes del Rei (SOSPlanes)\"},\"image\":{\"@id\":\"https:\\\/\\\/www.latribunedeplanas.com\\\/es\\\/#\\\/schema\\\/logo\\\/image\\\/\"},\"sameAs\":[\"https:\\\/\\\/www.facebook.com\\\/groups\\\/1220895301376005\\\/\",\"https:\\\/\\\/www.instagram.com\\\/lasplanasdelrey\\\/\"]},{\"@type\":\"Person\",\"@id\":\"https:\\\/\\\/www.latribunedeplanas.com\\\/es\\\/#\\\/schema\\\/person\\\/590a87318688792f18d8e1c983528bc8\",\"name\":\"Jim\",\"image\":{\"@type\":\"ImageObject\",\"inLanguage\":\"es\",\"@id\":\"https:\\\/\\\/secure.gravatar.com\\\/avatar\\\/5a89228fd282eb9ee33a60b4ff06f9c31751866f1fb91ca56263af0968354113?s=96&d=mm&r=g\",\"url\":\"https:\\\/\\\/secure.gravatar.com\\\/avatar\\\/5a89228fd282eb9ee33a60b4ff06f9c31751866f1fb91ca56263af0968354113?s=96&d=mm&r=g\",\"contentUrl\":\"https:\\\/\\\/secure.gravatar.com\\\/avatar\\\/5a89228fd282eb9ee33a60b4ff06f9c31751866f1fb91ca56263af0968354113?s=96&d=mm&r=g\",\"caption\":\"Jim\"},\"sameAs\":[\"https:\\\/\\\/www.creawebsite.be\\\/\",\"https:\\\/\\\/www.facebook.com\\\/Creawebsite-113915200150984\",\"https:\\\/\\\/www.instagram.com\\\/creawebsite.be\\\/\",\"https:\\\/\\\/www.linkedin.com\\\/in\\\/jean-marc-delchef\\\/\"]}]}<\/script>\n<!-- \/ Yoast SEO plugin. -->","yoast_head_json":{"title":"UNIDOS y la nueva comunidad - La Tribune de Planas","description":"SOS Planas responde punto por punto a la propuesta de Unidos. \u00bfUna nueva comunidad? Una falsa soluci\u00f3n a un problema real.","robots":{"index":"index","follow":"follow","max-snippet":"max-snippet:-1","max-image-preview":"max-image-preview:large","max-video-preview":"max-video-preview:-1"},"canonical":"https:\/\/www.latribunedeplanas.com\/es\/unidos-y-la-nueva-comunidad\/","og_locale":"es_ES","og_type":"article","og_title":"UNIDOS y la nueva comunidad - La Tribune de Planas","og_description":"SOS Planas responde punto por punto a la propuesta de Unidos. \u00bfUna nueva comunidad? Una falsa soluci\u00f3n a un problema real.","og_url":"https:\/\/www.latribunedeplanas.com\/es\/unidos-y-la-nueva-comunidad\/","og_site_name":"La Tribune de Planas","article_publisher":"https:\/\/www.facebook.com\/groups\/1220895301376005\/","article_author":"https:\/\/www.facebook.com\/Creawebsite-113915200150984","article_published_time":"2022-07-21T09:38:35+00:00","article_modified_time":"2025-08-08T17:56:57+00:00","og_image":[{"width":1080,"height":700,"url":"https:\/\/www.latribunedeplanas.com\/wp-content\/uploads\/2022\/07\/andy-warhol-mao.jpg","type":"image\/jpeg"}],"author":"Jim","twitter_card":"summary_large_image","twitter_misc":{"Escrito por":"Jim","Tiempo de lectura":"4 minutos"},"schema":{"@context":"https:\/\/schema.org","@graph":[{"@type":"Article","@id":"https:\/\/www.latribunedeplanas.com\/es\/unidos-y-la-nueva-comunidad\/#article","isPartOf":{"@id":"https:\/\/www.latribunedeplanas.com\/es\/unidos-y-la-nueva-comunidad\/"},"author":{"name":"Jim","@id":"https:\/\/www.latribunedeplanas.com\/es\/#\/schema\/person\/590a87318688792f18d8e1c983528bc8"},"headline":"UNIDOS y la nueva comunidad","datePublished":"2022-07-21T09:38:35+00:00","dateModified":"2025-08-08T17:56:57+00:00","mainEntityOfPage":{"@id":"https:\/\/www.latribunedeplanas.com\/es\/unidos-y-la-nueva-comunidad\/"},"wordCount":982,"publisher":{"@id":"https:\/\/www.latribunedeplanas.com\/es\/#organization"},"image":{"@id":"https:\/\/www.latribunedeplanas.com\/es\/unidos-y-la-nueva-comunidad\/#primaryimage"},"thumbnailUrl":"https:\/\/www.latribunedeplanas.com\/wp-content\/uploads\/2022\/07\/andy-warhol-mao.jpg","articleSection":["Art\u00edculos de 2021 y 2022"],"inLanguage":"es"},{"@type":"WebPage","@id":"https:\/\/www.latribunedeplanas.com\/es\/unidos-y-la-nueva-comunidad\/","url":"https:\/\/www.latribunedeplanas.com\/es\/unidos-y-la-nueva-comunidad\/","name":"UNIDOS y la nueva comunidad - La Tribune de Planas","isPartOf":{"@id":"https:\/\/www.latribunedeplanas.com\/es\/#website"},"primaryImageOfPage":{"@id":"https:\/\/www.latribunedeplanas.com\/es\/unidos-y-la-nueva-comunidad\/#primaryimage"},"image":{"@id":"https:\/\/www.latribunedeplanas.com\/es\/unidos-y-la-nueva-comunidad\/#primaryimage"},"thumbnailUrl":"https:\/\/www.latribunedeplanas.com\/wp-content\/uploads\/2022\/07\/andy-warhol-mao.jpg","datePublished":"2022-07-21T09:38:35+00:00","dateModified":"2025-08-08T17:56:57+00:00","description":"SOS Planas responde punto por punto a la propuesta de Unidos. \u00bfUna nueva comunidad? Una falsa soluci\u00f3n a un problema real.","breadcrumb":{"@id":"https:\/\/www.latribunedeplanas.com\/es\/unidos-y-la-nueva-comunidad\/#breadcrumb"},"inLanguage":"es","potentialAction":[{"@type":"ReadAction","target":["https:\/\/www.latribunedeplanas.com\/es\/unidos-y-la-nueva-comunidad\/"]}]},{"@type":"ImageObject","inLanguage":"es","@id":"https:\/\/www.latribunedeplanas.com\/es\/unidos-y-la-nueva-comunidad\/#primaryimage","url":"https:\/\/www.latribunedeplanas.com\/wp-content\/uploads\/2022\/07\/andy-warhol-mao.jpg","contentUrl":"https:\/\/www.latribunedeplanas.com\/wp-content\/uploads\/2022\/07\/andy-warhol-mao.jpg","width":1080,"height":700,"caption":"Andy Warhol, Mao"},{"@type":"BreadcrumbList","@id":"https:\/\/www.latribunedeplanas.com\/es\/unidos-y-la-nueva-comunidad\/#breadcrumb","itemListElement":[{"@type":"ListItem","position":1,"name":"Accueil","item":"https:\/\/www.latribunedeplanas.com\/es\/"},{"@type":"ListItem","position":2,"name":"UNIDOS y la nueva comunidad"}]},{"@type":"WebSite","@id":"https:\/\/www.latribunedeplanas.com\/es\/#website","url":"https:\/\/www.latribunedeplanas.com\/es\/","name":"La Tribune de Planas","description":"Les Planes del Rei - Urbanizaci\u00f3n del municipio de Pratdip","publisher":{"@id":"https:\/\/www.latribunedeplanas.com\/es\/#organization"},"potentialAction":[{"@type":"SearchAction","target":{"@type":"EntryPoint","urlTemplate":"https:\/\/www.latribunedeplanas.com\/es\/?s={search_term_string}"},"query-input":{"@type":"PropertyValueSpecification","valueRequired":true,"valueName":"search_term_string"}}],"inLanguage":"es"},{"@type":"Organization","@id":"https:\/\/www.latribunedeplanas.com\/es\/#organization","name":"Vecinos de Planes del Rei (SOSPlanes)","url":"https:\/\/www.latribunedeplanas.com\/es\/","logo":{"@type":"ImageObject","inLanguage":"es","@id":"https:\/\/www.latribunedeplanas.com\/es\/#\/schema\/logo\/image\/","url":"https:\/\/www.latribunedeplanas.com\/wp-content\/uploads\/2021\/11\/logo-sos-planas-0.png","contentUrl":"https:\/\/www.latribunedeplanas.com\/wp-content\/uploads\/2021\/11\/logo-sos-planas-0.png","width":600,"height":400,"caption":"Vecinos de Planes del Rei (SOSPlanes)"},"image":{"@id":"https:\/\/www.latribunedeplanas.com\/es\/#\/schema\/logo\/image\/"},"sameAs":["https:\/\/www.facebook.com\/groups\/1220895301376005\/","https:\/\/www.instagram.com\/lasplanasdelrey\/"]},{"@type":"Person","@id":"https:\/\/www.latribunedeplanas.com\/es\/#\/schema\/person\/590a87318688792f18d8e1c983528bc8","name":"Jim","image":{"@type":"ImageObject","inLanguage":"es","@id":"https:\/\/secure.gravatar.com\/avatar\/5a89228fd282eb9ee33a60b4ff06f9c31751866f1fb91ca56263af0968354113?s=96&d=mm&r=g","url":"https:\/\/secure.gravatar.com\/avatar\/5a89228fd282eb9ee33a60b4ff06f9c31751866f1fb91ca56263af0968354113?s=96&d=mm&r=g","contentUrl":"https:\/\/secure.gravatar.com\/avatar\/5a89228fd282eb9ee33a60b4ff06f9c31751866f1fb91ca56263af0968354113?s=96&d=mm&r=g","caption":"Jim"},"sameAs":["https:\/\/www.creawebsite.be\/","https:\/\/www.facebook.com\/Creawebsite-113915200150984","https:\/\/www.instagram.com\/creawebsite.be\/","https:\/\/www.linkedin.com\/in\/jean-marc-delchef\/"]}]}},"_links":{"self":[{"href":"https:\/\/www.latribunedeplanas.com\/es\/wp-json\/wp\/v2\/posts\/21079","targetHints":{"allow":["GET"]}}],"collection":[{"href":"https:\/\/www.latribunedeplanas.com\/es\/wp-json\/wp\/v2\/posts"}],"about":[{"href":"https:\/\/www.latribunedeplanas.com\/es\/wp-json\/wp\/v2\/types\/post"}],"author":[{"embeddable":true,"href":"https:\/\/www.latribunedeplanas.com\/es\/wp-json\/wp\/v2\/users\/1"}],"replies":[{"embeddable":true,"href":"https:\/\/www.latribunedeplanas.com\/es\/wp-json\/wp\/v2\/comments?post=21079"}],"version-history":[{"count":2,"href":"https:\/\/www.latribunedeplanas.com\/es\/wp-json\/wp\/v2\/posts\/21079\/revisions"}],"predecessor-version":[{"id":27363,"href":"https:\/\/www.latribunedeplanas.com\/es\/wp-json\/wp\/v2\/posts\/21079\/revisions\/27363"}],"wp:featuredmedia":[{"embeddable":true,"href":"https:\/\/www.latribunedeplanas.com\/es\/wp-json\/wp\/v2\/media\/21066"}],"wp:attachment":[{"href":"https:\/\/www.latribunedeplanas.com\/es\/wp-json\/wp\/v2\/media?parent=21079"}],"wp:term":[{"taxonomy":"category","embeddable":true,"href":"https:\/\/www.latribunedeplanas.com\/es\/wp-json\/wp\/v2\/categories?post=21079"},{"taxonomy":"post_tag","embeddable":true,"href":"https:\/\/www.latribunedeplanas.com\/es\/wp-json\/wp\/v2\/tags?post=21079"}],"curies":[{"name":"wp","href":"https:\/\/api.w.org\/{rel}","templated":true}]}}