{"id":20848,"date":"2022-05-05T21:18:05","date_gmt":"2022-05-05T19:18:05","guid":{"rendered":"https:\/\/www.latribunedeplanas.com\/?p=20848"},"modified":"2025-07-12T21:41:51","modified_gmt":"2025-07-12T19:41:51","slug":"reparcelacion-temporada-2","status":"publish","type":"post","link":"https:\/\/www.latribunedeplanas.com\/es\/reparcelacion-temporada-2\/","title":{"rendered":"Proyecto de reparcelaci\u00f3n: nada est\u00e1 a\u00fan aprobado"},"content":{"rendered":"<p>[et_pb_section fb_built=\u00bb1&#8243; admin_label=\u00bbSection-Article\u00bb module_class=\u00bbsection-article\u00bb _builder_version=\u00bb4.16&#8243; custom_margin=\u00bb0px|0px|0px|0px\u00bb custom_padding=\u00bb0px|0px|0px|0px\u00bb global_colors_info=\u00bb{}\u00bb][et_pb_row use_custom_gutter=\u00bbon\u00bb gutter_width=\u00bb1&#8243; admin_label=\u00bbLigne-Article\u00bb module_class=\u00bbligne-article et_pb_row_fullwidth\u00bb _builder_version=\u00bb4.16&#8243; width=\u00bb100%\u00bb width_tablet=\u00bb100%\u00bb width_phone=\u00bb\u00bb width_last_edited=\u00bbon|desktop\u00bb max_width=\u00bb100%\u00bb max_width_tablet=\u00bb100%\u00bb max_width_phone=\u00bb\u00bb max_width_last_edited=\u00bbon|desktop\u00bb custom_margin=\u00bb0px||0px\u00bb custom_padding=\u00bb0px||0px\u00bb make_fullwidth=\u00bbon\u00bb global_colors_info=\u00bb{}\u00bb][et_pb_column type=\u00bb4_4&#8243; _builder_version=\u00bb4.16&#8243; custom_padding=\u00bb|||\u00bb global_colors_info=\u00bb{}\u00bb custom_padding__hover=\u00bb|||\u00bb][et_pb_text admin_label=\u00bbTexte-Proyecto de reparcelaci\u00f3n: nada est\u00e1 a\u00fan aprobado\u00bb module_class=\u00bbtxt-article\u00bb _builder_version=\u00bb4.27.4&#8243; text_font=\u00bb|300|||||||\u00bb header_font=\u00bb||||||||\u00bb header_2_line_height=\u00bb1.2em\u00bb header_3_font=\u00bb||||||||\u00bb header_3_line_height=\u00bb1.3em\u00bb header_4_text_align=\u00bbcenter\u00bb hover_enabled=\u00bb0&#8243; text_line_height_tablet=\u00bb\u00bb text_line_height_phone=\u00bb1.3em\u00bb text_line_height_last_edited=\u00bbon|desktop\u00bb header_2_font_size_tablet=\u00bb\u00bb header_2_font_size_phone=\u00bb\u00bb header_2_font_size_last_edited=\u00bbon|phone\u00bb header_3_font_size_tablet=\u00bb\u00bb header_3_font_size_phone=\u00bb23px\u00bb header_3_font_size_last_edited=\u00bbon|desktop\u00bb global_colors_info=\u00bb{}\u00bb sticky_enabled=\u00bb0&#8243;]<\/p>\n<p>El 5 de abril de 2022, tres residentes de Planas del Rey \u2014 Sra. Evelyne Planet, Sra. Annike Pertin Roch y Sr. Jos\u00e9 Pescador \u2014 acudieron al Registro de la Propiedad de Falset para obtener informaci\u00f3n concreta sobre el nuevo proyecto de reparcelaci\u00f3n anunciado por el Ayuntamiento de Pratdip.<\/p>\n<hr style=\"margin-bottom:30px;\"\/>\n<h2>Un proyecto anunciado, pero a\u00fan no efectivo<\/h2>\n<p>Estas son las informaciones que les transmiti\u00f3 el agente del Registro:<\/p>\n<ul>\n<li>El proyecto de reparcelaci\u00f3n a\u00fan no ha sido hecho efectivo. En fecha 27 de febrero de 2021, el Ayuntamiento de Pratdip simplemente registr\u00f3 un anuncio de apertura de expediente. Este anuncio tiene una validez de tres a\u00f1os, plazo m\u00e1ximo concedido al Ayuntamiento para presentar oficialmente un proyecto definitivo con vistas a su inscripci\u00f3n.<\/li>\n<li>El proyecto definitivo solo podr\u00e1 presentarse una vez que se hayan resuelto todos los recursos presentados por los propietarios.<\/li>\n<li>Las cargas asociadas a las propiedades no son v\u00e1lidas. Tienen \u00fanicamente car\u00e1cter informativo y no definitivo. Por tanto, no se trata de verdaderas cargas, sino de una simple advertencia que indica la intenci\u00f3n del Ayuntamiento de presentar un proyecto \u2014 intenci\u00f3n que, hasta la fecha, no se ha concretado. No existe ninguna certificaci\u00f3n de cargas en este momento, ya que ninguna propiedad est\u00e1 oficialmente gravada.<\/li>\n<\/ul>\n<p>En caso de que se presente el proyecto definitivo, cualquier vicio de forma o error en la descripci\u00f3n de las fincas conllevar\u00e1 el rechazo inmediato por parte del Registro de la Propiedad.<\/p>\n<p>Una vez presentado el proyecto definitivo \u2014 y resueltos los recursos \u2014 las observaciones y alegaciones preparadas por los propietarios ser\u00e1n entonces aceptadas por el Registro para su evaluaci\u00f3n e incorporaci\u00f3n eventual al proyecto.<\/p>\n<hr style=\"margin-bottom:30px;\"\/>\n<h2>Un escenario que recuerda a 2012<\/h2>\n<p>Esta situaci\u00f3n no es nueva: ya ocurri\u00f3 en 2012, cuando se anunci\u00f3 un proyecto de reparcelaci\u00f3n que finalmente qued\u00f3 en nada. A d\u00eda de hoy, no se ha presentado ning\u00fan proyecto real ni ejecutable, y todo indica que la historia podr\u00eda repetirse.<\/p>\n<p class=\"accentue\">Gl\u00f2ria Moreno,<br \/>\nconcejala de Avan\u00e7a Pratdip<br \/>\n<img loading=\"lazy\" decoding=\"async\" src=\"https:\/\/www.latribunedeplanas.com\/wp-content\/uploads\/2019\/04\/logo-partido-pratdip.png\" width=\"100\" height=\"83\" alt=\"\" class=\"wp-image-13960 alignnone size-full\" \/><\/p>\n<p>[\/et_pb_text][et_pb_text admin_label=\u00bbTexte-A lire\u00bb module_class=\u00bbtxt-article\u00bb _builder_version=\u00bb4.27.4&#8243; text_font=\u00bb|300|||||||\u00bb text_line_height=\u00bb1.2em\u00bb link_font=\u00bb||||||||\u00bb header_font=\u00bb||||||||\u00bb header_2_line_height=\u00bb1.2em\u00bb header_3_font=\u00bb||||||||\u00bb header_3_text_color=\u00bb#00397e\u00bb header_3_line_height=\u00bb1.3em\u00bb header_4_text_align=\u00bbcenter\u00bb custom_margin=\u00bb||||false|false\u00bb custom_padding=\u00bb20px||||false|false\u00bb hover_enabled=\u00bb0&#8243; text_line_height_tablet=\u00bb\u00bb text_line_height_phone=\u00bb1.2em\u00bb text_line_height_last_edited=\u00bbon|desktop\u00bb header_3_font_size_tablet=\u00bb\u00bb header_3_font_size_phone=\u00bb23px\u00bb header_3_font_size_last_edited=\u00bbon|desktop\u00bb locked=\u00bboff\u00bb global_colors_info=\u00bb{}\u00bb sticky_enabled=\u00bb0&#8243;][\/et_pb_text][\/et_pb_column][\/et_pb_row][\/et_pb_section]<\/p>\n","protected":false},"excerpt":{"rendered":"<p>El 5 de abril de 2022, tres residentes de Planas del Rey \u2014 Sra. Evelyne Planet, Sra. Annike Pertin Roch y Sr. Jos\u00e9 Pescador \u2014 acudieron al Registro de la Propiedad de Falset para obtener informaci\u00f3n concreta sobre el nuevo proyecto de reparcelaci\u00f3n anunciado por el Ayuntamiento de Pratdip. Un proyecto anunciado, pero a\u00fan no [&hellip;]<\/p>\n","protected":false},"author":1,"featured_media":20845,"comment_status":"closed","ping_status":"closed","sticky":false,"template":"","format":"standard","meta":{"_et_pb_use_builder":"on","_et_pb_old_content":"","_et_gb_content_width":"","footnotes":""},"categories":[202],"tags":[],"class_list":["post-20848","post","type-post","status-publish","format-standard","has-post-thumbnail","hentry","category-articulos-de-2021-y-2022"],"yoast_head":"<!-- This site is optimized with the Yoast SEO plugin v27.5 - https:\/\/yoast.com\/product\/yoast-seo-wordpress\/ -->\n<title>Proyecto de reparcelaci\u00f3n: nada est\u00e1 a\u00fan aprobado - La Tribune de Planas<\/title>\n<meta name=\"description\" content=\"tres residentes de Planas del Rey acudieron al Registro de la Propiedad de Falset para obtener informaci\u00f3n concreta sobre el nuevo proyecto de reparcelaci\u00f3n\" \/>\n<meta name=\"robots\" content=\"index, follow, max-snippet:-1, max-image-preview:large, max-video-preview:-1\" \/>\n<link rel=\"canonical\" href=\"https:\/\/www.latribunedeplanas.com\/es\/reparcelacion-temporada-2\/\" \/>\n<meta property=\"og:locale\" content=\"es_ES\" \/>\n<meta property=\"og:type\" content=\"article\" \/>\n<meta property=\"og:title\" content=\"Proyecto de reparcelaci\u00f3n: nada est\u00e1 a\u00fan aprobado - La Tribune de Planas\" \/>\n<meta property=\"og:description\" content=\"tres residentes de Planas del Rey acudieron al Registro de la Propiedad de Falset para obtener informaci\u00f3n concreta sobre el nuevo proyecto de reparcelaci\u00f3n\" \/>\n<meta property=\"og:url\" content=\"https:\/\/www.latribunedeplanas.com\/es\/reparcelacion-temporada-2\/\" \/>\n<meta property=\"og:site_name\" content=\"La Tribune de Planas\" \/>\n<meta property=\"article:publisher\" content=\"https:\/\/www.facebook.com\/groups\/1220895301376005\/\" \/>\n<meta property=\"article:author\" content=\"https:\/\/www.facebook.com\/Creawebsite-113915200150984\" \/>\n<meta property=\"article:published_time\" content=\"2022-05-05T19:18:05+00:00\" \/>\n<meta property=\"article:modified_time\" content=\"2025-07-12T19:41:51+00:00\" \/>\n<meta property=\"og:image\" content=\"https:\/\/www.latribunedeplanas.com\/wp-content\/uploads\/2022\/05\/topographe-history.jpg\" \/>\n\t<meta property=\"og:image:width\" content=\"1080\" \/>\n\t<meta property=\"og:image:height\" content=\"700\" \/>\n\t<meta property=\"og:image:type\" content=\"image\/jpeg\" \/>\n<meta name=\"author\" content=\"Jim\" \/>\n<meta name=\"twitter:card\" content=\"summary_large_image\" \/>\n<meta name=\"twitter:label1\" content=\"Escrito por\" \/>\n\t<meta name=\"twitter:data1\" content=\"Jim\" \/>\n\t<meta name=\"twitter:label2\" content=\"Tiempo de lectura\" \/>\n\t<meta name=\"twitter:data2\" content=\"3 minutos\" \/>\n<script type=\"application\/ld+json\" class=\"yoast-schema-graph\">{\"@context\":\"https:\\\/\\\/schema.org\",\"@graph\":[{\"@type\":\"Article\",\"@id\":\"https:\\\/\\\/www.latribunedeplanas.com\\\/es\\\/reparcelacion-temporada-2\\\/#article\",\"isPartOf\":{\"@id\":\"https:\\\/\\\/www.latribunedeplanas.com\\\/es\\\/reparcelacion-temporada-2\\\/\"},\"author\":{\"name\":\"Jim\",\"@id\":\"https:\\\/\\\/www.latribunedeplanas.com\\\/es\\\/#\\\/schema\\\/person\\\/590a87318688792f18d8e1c983528bc8\"},\"headline\":\"Proyecto de reparcelaci\u00f3n: nada est\u00e1 a\u00fan aprobado\",\"datePublished\":\"2022-05-05T19:18:05+00:00\",\"dateModified\":\"2025-07-12T19:41:51+00:00\",\"mainEntityOfPage\":{\"@id\":\"https:\\\/\\\/www.latribunedeplanas.com\\\/es\\\/reparcelacion-temporada-2\\\/\"},\"wordCount\":643,\"publisher\":{\"@id\":\"https:\\\/\\\/www.latribunedeplanas.com\\\/es\\\/#organization\"},\"image\":{\"@id\":\"https:\\\/\\\/www.latribunedeplanas.com\\\/es\\\/reparcelacion-temporada-2\\\/#primaryimage\"},\"thumbnailUrl\":\"https:\\\/\\\/www.latribunedeplanas.com\\\/wp-content\\\/uploads\\\/2022\\\/05\\\/topographe-history.jpg\",\"articleSection\":[\"Art\u00edculos de 2021 y 2022\"],\"inLanguage\":\"es\"},{\"@type\":\"WebPage\",\"@id\":\"https:\\\/\\\/www.latribunedeplanas.com\\\/es\\\/reparcelacion-temporada-2\\\/\",\"url\":\"https:\\\/\\\/www.latribunedeplanas.com\\\/es\\\/reparcelacion-temporada-2\\\/\",\"name\":\"Proyecto de reparcelaci\u00f3n: nada est\u00e1 a\u00fan aprobado - La Tribune de Planas\",\"isPartOf\":{\"@id\":\"https:\\\/\\\/www.latribunedeplanas.com\\\/es\\\/#website\"},\"primaryImageOfPage\":{\"@id\":\"https:\\\/\\\/www.latribunedeplanas.com\\\/es\\\/reparcelacion-temporada-2\\\/#primaryimage\"},\"image\":{\"@id\":\"https:\\\/\\\/www.latribunedeplanas.com\\\/es\\\/reparcelacion-temporada-2\\\/#primaryimage\"},\"thumbnailUrl\":\"https:\\\/\\\/www.latribunedeplanas.com\\\/wp-content\\\/uploads\\\/2022\\\/05\\\/topographe-history.jpg\",\"datePublished\":\"2022-05-05T19:18:05+00:00\",\"dateModified\":\"2025-07-12T19:41:51+00:00\",\"description\":\"tres residentes de Planas del Rey acudieron al Registro de la Propiedad de Falset para obtener informaci\u00f3n concreta sobre el nuevo proyecto de reparcelaci\u00f3n\",\"breadcrumb\":{\"@id\":\"https:\\\/\\\/www.latribunedeplanas.com\\\/es\\\/reparcelacion-temporada-2\\\/#breadcrumb\"},\"inLanguage\":\"es\",\"potentialAction\":[{\"@type\":\"ReadAction\",\"target\":[\"https:\\\/\\\/www.latribunedeplanas.com\\\/es\\\/reparcelacion-temporada-2\\\/\"]}]},{\"@type\":\"ImageObject\",\"inLanguage\":\"es\",\"@id\":\"https:\\\/\\\/www.latribunedeplanas.com\\\/es\\\/reparcelacion-temporada-2\\\/#primaryimage\",\"url\":\"https:\\\/\\\/www.latribunedeplanas.com\\\/wp-content\\\/uploads\\\/2022\\\/05\\\/topographe-history.jpg\",\"contentUrl\":\"https:\\\/\\\/www.latribunedeplanas.com\\\/wp-content\\\/uploads\\\/2022\\\/05\\\/topographe-history.jpg\",\"width\":1080,\"height\":700,\"caption\":\"Le Quart de Cercle Mobile\"},{\"@type\":\"BreadcrumbList\",\"@id\":\"https:\\\/\\\/www.latribunedeplanas.com\\\/es\\\/reparcelacion-temporada-2\\\/#breadcrumb\",\"itemListElement\":[{\"@type\":\"ListItem\",\"position\":1,\"name\":\"Accueil\",\"item\":\"https:\\\/\\\/www.latribunedeplanas.com\\\/es\\\/\"},{\"@type\":\"ListItem\",\"position\":2,\"name\":\"Proyecto de reparcelaci\u00f3n: nada est\u00e1 a\u00fan aprobado\"}]},{\"@type\":\"WebSite\",\"@id\":\"https:\\\/\\\/www.latribunedeplanas.com\\\/es\\\/#website\",\"url\":\"https:\\\/\\\/www.latribunedeplanas.com\\\/es\\\/\",\"name\":\"La Tribune de Planas\",\"description\":\"Les Planes del Rei - Urbanizaci\u00f3n del municipio de Pratdip\",\"publisher\":{\"@id\":\"https:\\\/\\\/www.latribunedeplanas.com\\\/es\\\/#organization\"},\"potentialAction\":[{\"@type\":\"SearchAction\",\"target\":{\"@type\":\"EntryPoint\",\"urlTemplate\":\"https:\\\/\\\/www.latribunedeplanas.com\\\/es\\\/?s={search_term_string}\"},\"query-input\":{\"@type\":\"PropertyValueSpecification\",\"valueRequired\":true,\"valueName\":\"search_term_string\"}}],\"inLanguage\":\"es\"},{\"@type\":\"Organization\",\"@id\":\"https:\\\/\\\/www.latribunedeplanas.com\\\/es\\\/#organization\",\"name\":\"Vecinos de Planes del Rei (SOSPlanes)\",\"url\":\"https:\\\/\\\/www.latribunedeplanas.com\\\/es\\\/\",\"logo\":{\"@type\":\"ImageObject\",\"inLanguage\":\"es\",\"@id\":\"https:\\\/\\\/www.latribunedeplanas.com\\\/es\\\/#\\\/schema\\\/logo\\\/image\\\/\",\"url\":\"https:\\\/\\\/www.latribunedeplanas.com\\\/wp-content\\\/uploads\\\/2021\\\/11\\\/logo-sos-planas-0.png\",\"contentUrl\":\"https:\\\/\\\/www.latribunedeplanas.com\\\/wp-content\\\/uploads\\\/2021\\\/11\\\/logo-sos-planas-0.png\",\"width\":600,\"height\":400,\"caption\":\"Vecinos de Planes del Rei (SOSPlanes)\"},\"image\":{\"@id\":\"https:\\\/\\\/www.latribunedeplanas.com\\\/es\\\/#\\\/schema\\\/logo\\\/image\\\/\"},\"sameAs\":[\"https:\\\/\\\/www.facebook.com\\\/groups\\\/1220895301376005\\\/\",\"https:\\\/\\\/www.instagram.com\\\/lasplanasdelrey\\\/\"]},{\"@type\":\"Person\",\"@id\":\"https:\\\/\\\/www.latribunedeplanas.com\\\/es\\\/#\\\/schema\\\/person\\\/590a87318688792f18d8e1c983528bc8\",\"name\":\"Jim\",\"image\":{\"@type\":\"ImageObject\",\"inLanguage\":\"es\",\"@id\":\"https:\\\/\\\/secure.gravatar.com\\\/avatar\\\/5a89228fd282eb9ee33a60b4ff06f9c31751866f1fb91ca56263af0968354113?s=96&d=mm&r=g\",\"url\":\"https:\\\/\\\/secure.gravatar.com\\\/avatar\\\/5a89228fd282eb9ee33a60b4ff06f9c31751866f1fb91ca56263af0968354113?s=96&d=mm&r=g\",\"contentUrl\":\"https:\\\/\\\/secure.gravatar.com\\\/avatar\\\/5a89228fd282eb9ee33a60b4ff06f9c31751866f1fb91ca56263af0968354113?s=96&d=mm&r=g\",\"caption\":\"Jim\"},\"sameAs\":[\"https:\\\/\\\/www.creawebsite.be\\\/\",\"https:\\\/\\\/www.facebook.com\\\/Creawebsite-113915200150984\",\"https:\\\/\\\/www.instagram.com\\\/creawebsite.be\\\/\",\"https:\\\/\\\/www.linkedin.com\\\/in\\\/jean-marc-delchef\\\/\"]}]}<\/script>\n<!-- \/ Yoast SEO plugin. -->","yoast_head_json":{"title":"Proyecto de reparcelaci\u00f3n: nada est\u00e1 a\u00fan aprobado - La Tribune de Planas","description":"tres residentes de Planas del Rey acudieron al Registro de la Propiedad de Falset para obtener informaci\u00f3n concreta sobre el nuevo proyecto de reparcelaci\u00f3n","robots":{"index":"index","follow":"follow","max-snippet":"max-snippet:-1","max-image-preview":"max-image-preview:large","max-video-preview":"max-video-preview:-1"},"canonical":"https:\/\/www.latribunedeplanas.com\/es\/reparcelacion-temporada-2\/","og_locale":"es_ES","og_type":"article","og_title":"Proyecto de reparcelaci\u00f3n: nada est\u00e1 a\u00fan aprobado - La Tribune de Planas","og_description":"tres residentes de Planas del Rey acudieron al Registro de la Propiedad de Falset para obtener informaci\u00f3n concreta sobre el nuevo proyecto de reparcelaci\u00f3n","og_url":"https:\/\/www.latribunedeplanas.com\/es\/reparcelacion-temporada-2\/","og_site_name":"La Tribune de Planas","article_publisher":"https:\/\/www.facebook.com\/groups\/1220895301376005\/","article_author":"https:\/\/www.facebook.com\/Creawebsite-113915200150984","article_published_time":"2022-05-05T19:18:05+00:00","article_modified_time":"2025-07-12T19:41:51+00:00","og_image":[{"width":1080,"height":700,"url":"https:\/\/www.latribunedeplanas.com\/wp-content\/uploads\/2022\/05\/topographe-history.jpg","type":"image\/jpeg"}],"author":"Jim","twitter_card":"summary_large_image","twitter_misc":{"Escrito por":"Jim","Tiempo de lectura":"3 minutos"},"schema":{"@context":"https:\/\/schema.org","@graph":[{"@type":"Article","@id":"https:\/\/www.latribunedeplanas.com\/es\/reparcelacion-temporada-2\/#article","isPartOf":{"@id":"https:\/\/www.latribunedeplanas.com\/es\/reparcelacion-temporada-2\/"},"author":{"name":"Jim","@id":"https:\/\/www.latribunedeplanas.com\/es\/#\/schema\/person\/590a87318688792f18d8e1c983528bc8"},"headline":"Proyecto de reparcelaci\u00f3n: nada est\u00e1 a\u00fan aprobado","datePublished":"2022-05-05T19:18:05+00:00","dateModified":"2025-07-12T19:41:51+00:00","mainEntityOfPage":{"@id":"https:\/\/www.latribunedeplanas.com\/es\/reparcelacion-temporada-2\/"},"wordCount":643,"publisher":{"@id":"https:\/\/www.latribunedeplanas.com\/es\/#organization"},"image":{"@id":"https:\/\/www.latribunedeplanas.com\/es\/reparcelacion-temporada-2\/#primaryimage"},"thumbnailUrl":"https:\/\/www.latribunedeplanas.com\/wp-content\/uploads\/2022\/05\/topographe-history.jpg","articleSection":["Art\u00edculos de 2021 y 2022"],"inLanguage":"es"},{"@type":"WebPage","@id":"https:\/\/www.latribunedeplanas.com\/es\/reparcelacion-temporada-2\/","url":"https:\/\/www.latribunedeplanas.com\/es\/reparcelacion-temporada-2\/","name":"Proyecto de reparcelaci\u00f3n: nada est\u00e1 a\u00fan aprobado - La Tribune de Planas","isPartOf":{"@id":"https:\/\/www.latribunedeplanas.com\/es\/#website"},"primaryImageOfPage":{"@id":"https:\/\/www.latribunedeplanas.com\/es\/reparcelacion-temporada-2\/#primaryimage"},"image":{"@id":"https:\/\/www.latribunedeplanas.com\/es\/reparcelacion-temporada-2\/#primaryimage"},"thumbnailUrl":"https:\/\/www.latribunedeplanas.com\/wp-content\/uploads\/2022\/05\/topographe-history.jpg","datePublished":"2022-05-05T19:18:05+00:00","dateModified":"2025-07-12T19:41:51+00:00","description":"tres residentes de Planas del Rey acudieron al Registro de la Propiedad de Falset para obtener informaci\u00f3n concreta sobre el nuevo proyecto de reparcelaci\u00f3n","breadcrumb":{"@id":"https:\/\/www.latribunedeplanas.com\/es\/reparcelacion-temporada-2\/#breadcrumb"},"inLanguage":"es","potentialAction":[{"@type":"ReadAction","target":["https:\/\/www.latribunedeplanas.com\/es\/reparcelacion-temporada-2\/"]}]},{"@type":"ImageObject","inLanguage":"es","@id":"https:\/\/www.latribunedeplanas.com\/es\/reparcelacion-temporada-2\/#primaryimage","url":"https:\/\/www.latribunedeplanas.com\/wp-content\/uploads\/2022\/05\/topographe-history.jpg","contentUrl":"https:\/\/www.latribunedeplanas.com\/wp-content\/uploads\/2022\/05\/topographe-history.jpg","width":1080,"height":700,"caption":"Le Quart de Cercle Mobile"},{"@type":"BreadcrumbList","@id":"https:\/\/www.latribunedeplanas.com\/es\/reparcelacion-temporada-2\/#breadcrumb","itemListElement":[{"@type":"ListItem","position":1,"name":"Accueil","item":"https:\/\/www.latribunedeplanas.com\/es\/"},{"@type":"ListItem","position":2,"name":"Proyecto de reparcelaci\u00f3n: nada est\u00e1 a\u00fan aprobado"}]},{"@type":"WebSite","@id":"https:\/\/www.latribunedeplanas.com\/es\/#website","url":"https:\/\/www.latribunedeplanas.com\/es\/","name":"La Tribune de Planas","description":"Les Planes del Rei - Urbanizaci\u00f3n del municipio de Pratdip","publisher":{"@id":"https:\/\/www.latribunedeplanas.com\/es\/#organization"},"potentialAction":[{"@type":"SearchAction","target":{"@type":"EntryPoint","urlTemplate":"https:\/\/www.latribunedeplanas.com\/es\/?s={search_term_string}"},"query-input":{"@type":"PropertyValueSpecification","valueRequired":true,"valueName":"search_term_string"}}],"inLanguage":"es"},{"@type":"Organization","@id":"https:\/\/www.latribunedeplanas.com\/es\/#organization","name":"Vecinos de Planes del Rei (SOSPlanes)","url":"https:\/\/www.latribunedeplanas.com\/es\/","logo":{"@type":"ImageObject","inLanguage":"es","@id":"https:\/\/www.latribunedeplanas.com\/es\/#\/schema\/logo\/image\/","url":"https:\/\/www.latribunedeplanas.com\/wp-content\/uploads\/2021\/11\/logo-sos-planas-0.png","contentUrl":"https:\/\/www.latribunedeplanas.com\/wp-content\/uploads\/2021\/11\/logo-sos-planas-0.png","width":600,"height":400,"caption":"Vecinos de Planes del Rei (SOSPlanes)"},"image":{"@id":"https:\/\/www.latribunedeplanas.com\/es\/#\/schema\/logo\/image\/"},"sameAs":["https:\/\/www.facebook.com\/groups\/1220895301376005\/","https:\/\/www.instagram.com\/lasplanasdelrey\/"]},{"@type":"Person","@id":"https:\/\/www.latribunedeplanas.com\/es\/#\/schema\/person\/590a87318688792f18d8e1c983528bc8","name":"Jim","image":{"@type":"ImageObject","inLanguage":"es","@id":"https:\/\/secure.gravatar.com\/avatar\/5a89228fd282eb9ee33a60b4ff06f9c31751866f1fb91ca56263af0968354113?s=96&d=mm&r=g","url":"https:\/\/secure.gravatar.com\/avatar\/5a89228fd282eb9ee33a60b4ff06f9c31751866f1fb91ca56263af0968354113?s=96&d=mm&r=g","contentUrl":"https:\/\/secure.gravatar.com\/avatar\/5a89228fd282eb9ee33a60b4ff06f9c31751866f1fb91ca56263af0968354113?s=96&d=mm&r=g","caption":"Jim"},"sameAs":["https:\/\/www.creawebsite.be\/","https:\/\/www.facebook.com\/Creawebsite-113915200150984","https:\/\/www.instagram.com\/creawebsite.be\/","https:\/\/www.linkedin.com\/in\/jean-marc-delchef\/"]}]}},"_links":{"self":[{"href":"https:\/\/www.latribunedeplanas.com\/es\/wp-json\/wp\/v2\/posts\/20848","targetHints":{"allow":["GET"]}}],"collection":[{"href":"https:\/\/www.latribunedeplanas.com\/es\/wp-json\/wp\/v2\/posts"}],"about":[{"href":"https:\/\/www.latribunedeplanas.com\/es\/wp-json\/wp\/v2\/types\/post"}],"author":[{"embeddable":true,"href":"https:\/\/www.latribunedeplanas.com\/es\/wp-json\/wp\/v2\/users\/1"}],"replies":[{"embeddable":true,"href":"https:\/\/www.latribunedeplanas.com\/es\/wp-json\/wp\/v2\/comments?post=20848"}],"version-history":[{"count":0,"href":"https:\/\/www.latribunedeplanas.com\/es\/wp-json\/wp\/v2\/posts\/20848\/revisions"}],"wp:featuredmedia":[{"embeddable":true,"href":"https:\/\/www.latribunedeplanas.com\/es\/wp-json\/wp\/v2\/media\/20845"}],"wp:attachment":[{"href":"https:\/\/www.latribunedeplanas.com\/es\/wp-json\/wp\/v2\/media?parent=20848"}],"wp:term":[{"taxonomy":"category","embeddable":true,"href":"https:\/\/www.latribunedeplanas.com\/es\/wp-json\/wp\/v2\/categories?post=20848"},{"taxonomy":"post_tag","embeddable":true,"href":"https:\/\/www.latribunedeplanas.com\/es\/wp-json\/wp\/v2\/tags?post=20848"}],"curies":[{"name":"wp","href":"https:\/\/api.w.org\/{rel}","templated":true}]}}