{"id":20307,"date":"2021-09-07T01:06:26","date_gmt":"2021-09-06T23:06:26","guid":{"rendered":"https:\/\/www.latribunedeplanas.com\/planes-del-rei-en-el-municipio-de-pratdip\/"},"modified":"2025-09-16T11:49:22","modified_gmt":"2025-09-16T09:49:22","slug":"planes-del-rei-en-el-municipio-de-pratdip","status":"publish","type":"post","link":"https:\/\/www.latribunedeplanas.com\/es\/planes-del-rei-en-el-municipio-de-pratdip\/","title":{"rendered":"Planes del Rei, una urbanizaci\u00f3n abandonada en el municipio de Pratdip"},"content":{"rendered":"<p>[et_pb_section fb_built=\u00bb1&#8243; admin_label=\u00bbSection-Article\u00bb module_class=\u00bbsection-article\u00bb _builder_version=\u00bb4.16&#8243; custom_margin=\u00bb0px|0px|0px|0px\u00bb custom_padding=\u00bb0px|0px|0px|0px\u00bb global_colors_info=\u00bb{}\u00bb][et_pb_row use_custom_gutter=\u00bbon\u00bb gutter_width=\u00bb1&#8243; admin_label=\u00bbLigne-Article\u00bb module_class=\u00bbligne-article et_pb_row_fullwidth\u00bb _builder_version=\u00bb4.16&#8243; width=\u00bb100%\u00bb width_tablet=\u00bb100%\u00bb width_phone=\u00bb\u00bb width_last_edited=\u00bbon|desktop\u00bb max_width=\u00bb100%\u00bb max_width_tablet=\u00bb100%\u00bb max_width_phone=\u00bb\u00bb max_width_last_edited=\u00bbon|desktop\u00bb custom_margin=\u00bb10px||0px||false|false\u00bb custom_padding=\u00bb0px||0px\u00bb make_fullwidth=\u00bbon\u00bb global_colors_info=\u00bb{}\u00bb][et_pb_column type=\u00bb4_4&#8243; _builder_version=\u00bb4.16&#8243; custom_padding=\u00bb|||\u00bb global_colors_info=\u00bb{}\u00bb custom_padding__hover=\u00bb|||\u00bb][et_pb_text admin_label=\u00bbTexte-Planes del Rei en el municipio de Pratdip\u00bb module_class=\u00bbtxt-article\u00bb _builder_version=\u00bb4.27.4&#8243; text_font=\u00bb|300|||||||\u00bb header_font=\u00bb||||||||\u00bb header_2_line_height=\u00bb1.2em\u00bb header_3_font=\u00bb||||||||\u00bb header_3_line_height=\u00bb1.3em\u00bb header_4_text_align=\u00bbcenter\u00bb text_line_height_tablet=\u00bb\u00bb text_line_height_phone=\u00bb1.3em\u00bb text_line_height_last_edited=\u00bbon|desktop\u00bb header_2_font_size_tablet=\u00bb\u00bb header_2_font_size_phone=\u00bb\u00bb header_2_font_size_last_edited=\u00bbon|phone\u00bb header_3_font_size_tablet=\u00bb\u00bb header_3_font_size_phone=\u00bb23px\u00bb header_3_font_size_last_edited=\u00bbon|desktop\u00bb global_colors_info=\u00bb{}\u00bb]<\/p>\n<h2>Un enclave olvidado del municipio de Pratdip<\/h2>\n<p>Planas del Rey es una urbanizaci\u00f3n situada en el territorio del municipio de Pratdip, en Catalu\u00f1a. Concebida originalmente como un lugar de residencia agradable al pie de la monta\u00f1a, hoy se encuentra en un estado de deterioro avanzado.<\/p>\n<h2>Im\u00e1genes que hablan por s\u00ed solas<\/h2>\n<p>Las fotos publicadas en esta p\u00e1gina no necesitan muchos comentarios. Muestran calles destrozadas, canalizaciones con fugas, vegetaci\u00f3n desbordada, edificios abandonados, alumbrado p\u00fablico inexistente y una insalubridad que avanza cada d\u00eda.<\/p>\n<h2>Una responsabilidad municipal ignorada<\/h2>\n<p>Desde la disoluci\u00f3n judicial de la antigua entidad de gesti\u00f3n (EUCC) en 2016, corresponde legalmente al Ayuntamiento de Pratdip garantizar los servicios p\u00fablicos b\u00e1sicos: agua potable, saneamiento, alumbrado, mantenimiento de las v\u00edas p\u00fablicas\u2026 Sin embargo, casi nada se ha hecho al respecto. El Ayuntamiento sigue ignorando sus obligaciones, a pesar de los impuestos que los propietarios pagan puntualmente.<\/p>\n<h2>Un esc\u00e1ndalo que dura desde hace demasiado tiempo<\/h2>\n<p>Esta situaci\u00f3n de abandono no es nueva. Es el resultado de una decisi\u00f3n pol\u00edtica deliberada: la de no integrar plenamente esta urbanizaci\u00f3n en el tejido municipal. Esto plantea hoy graves problemas de seguridad, salubridad y respeto de los derechos fundamentales de los habitantes.<\/p>\n<h2>Dar testimonio para lograr un cambio<\/h2>\n<p>Al publicar estas im\u00e1genes, La Tribune de Planas quiere documentar la realidad sobre el terreno y alertar a la opini\u00f3n p\u00fablica. Ya es hora de que esta urbanizaci\u00f3n reciba por fin la atenci\u00f3n que merece. Los habitantes, tanto permanentes como temporales, no piden m\u00e1s que ser tratados como ciudadanos de pleno derecho.<\/p>\n<p class=\"accentue\">Asociaci\u00f3n de Vecinos Les Planes del Rei (SOS Planas)<\/p>\n<p>[\/et_pb_text][et_pb_gallery gallery_ids=\u00bb20191,20148,20154,20163,20166,25204,23057,20197,20200,20203,20206,20209,20212,20215,20224,20230,20233,20236,20242,20245,20248,20257,20263,20269,20185,20182,20179,20176,20286,25225,29718,29722,29726,29730,29734,29738,29742,29746&#8243; gallery_orderby=\u00bbrand\u00bb posts_number=\u00bb50&#8243; orientation=\u00bbportrait\u00bb show_title_and_caption=\u00bboff\u00bb zoom_icon_color=\u00bbrgba(255,255,255,0.7)\u00bb hover_overlay_color=\u00bbrgba(0,0,0,0.25)\u00bb hover_icon=\u00bb&#x2e;||divi||400&#8243; _builder_version=\u00bb4.27.4&#8243; _module_preset=\u00bbdefault\u00bb custom_margin=\u00bb20px||||false|false\u00bb hover_enabled=\u00bb0&#8243; border_width_all=\u00bb2px\u00bb border_color_all=\u00bb#FFFFFF\u00bb locked=\u00bboff\u00bb global_colors_info=\u00bb{}\u00bb sticky_enabled=\u00bb0&#8243;][\/et_pb_gallery][et_pb_text admin_label=\u00bbTexte-A lire\u00bb module_class=\u00bbtxt-article\u00bb _builder_version=\u00bb4.16&#8243; text_font=\u00bb|300|||||||\u00bb header_font=\u00bb||||||||\u00bb header_2_line_height=\u00bb1.2em\u00bb header_3_font=\u00bb||||||||\u00bb header_3_text_color=\u00bb#00397e\u00bb header_3_line_height=\u00bb1.3em\u00bb header_4_text_align=\u00bbcenter\u00bb custom_margin=\u00bb||||false|false\u00bb custom_padding=\u00bb20px||||false|false\u00bb text_line_height_tablet=\u00bb\u00bb text_line_height_phone=\u00bb1.3em\u00bb text_line_height_last_edited=\u00bbon|desktop\u00bb header_3_font_size_tablet=\u00bb\u00bb header_3_font_size_phone=\u00bb23px\u00bb header_3_font_size_last_edited=\u00bbon|desktop\u00bb global_colors_info=\u00bb{}\u00bb]<a href=\"https:\/\/www.latribunedeplanas.com\/es\/planes-del-rei-en-el-municipio-de-pratdip\/\">&#8211; Leer tambi\u00e9n: Ay\u00fadanos a completar este trabajo<\/a>[\/et_pb_text][\/et_pb_column][\/et_pb_row][\/et_pb_section]<\/p>\n","protected":false},"excerpt":{"rendered":"<p>Un enclave olvidado del municipio de Pratdip Planas del Rey es una urbanizaci\u00f3n situada en el territorio del municipio de Pratdip, en Catalu\u00f1a. Concebida originalmente como un lugar de residencia agradable al pie de la monta\u00f1a, hoy se encuentra en un estado de deterioro avanzado. Im\u00e1genes que hablan por s\u00ed solas Las fotos publicadas en [&hellip;]<\/p>\n","protected":false},"author":1,"featured_media":20302,"comment_status":"closed","ping_status":"closed","sticky":false,"template":"","format":"standard","meta":{"_et_pb_use_builder":"on","_et_pb_old_content":"","_et_gb_content_width":"","footnotes":""},"categories":[202],"tags":[],"class_list":["post-20307","post","type-post","status-publish","format-standard","has-post-thumbnail","hentry","category-articulos-de-2021-y-2022"],"yoast_head":"<!-- This site is optimized with the Yoast SEO plugin v27.5 - https:\/\/yoast.com\/product\/yoast-seo-wordpress\/ -->\n<title>Planes del Rei, una urbanizaci\u00f3n abandonada en el municipio de Pratdip<\/title>\n<meta name=\"description\" content=\"Planas del Rey es una urbanizaci\u00f3n situada en el territorio del municipio de Pratdip, en Catalu\u00f1a. Concebida como un lugar de residencia\" \/>\n<meta name=\"robots\" content=\"index, follow, max-snippet:-1, max-image-preview:large, max-video-preview:-1\" \/>\n<link rel=\"canonical\" href=\"https:\/\/www.latribunedeplanas.com\/es\/planes-del-rei-en-el-municipio-de-pratdip\/\" \/>\n<meta property=\"og:locale\" content=\"es_ES\" \/>\n<meta property=\"og:type\" content=\"article\" \/>\n<meta property=\"og:title\" content=\"Planes del Rei, una urbanizaci\u00f3n abandonada en el municipio de Pratdip\" \/>\n<meta property=\"og:description\" content=\"Planas del Rey es una urbanizaci\u00f3n situada en el territorio del municipio de Pratdip, en Catalu\u00f1a. Concebida como un lugar de residencia\" \/>\n<meta property=\"og:url\" content=\"https:\/\/www.latribunedeplanas.com\/es\/planes-del-rei-en-el-municipio-de-pratdip\/\" \/>\n<meta property=\"og:site_name\" content=\"La Tribune de Planas\" \/>\n<meta property=\"article:publisher\" content=\"https:\/\/www.facebook.com\/groups\/1220895301376005\/\" \/>\n<meta property=\"article:author\" content=\"https:\/\/www.facebook.com\/Creawebsite-113915200150984\" \/>\n<meta property=\"article:published_time\" content=\"2021-09-06T23:06:26+00:00\" \/>\n<meta property=\"article:modified_time\" content=\"2025-09-16T09:49:22+00:00\" \/>\n<meta property=\"og:image\" content=\"https:\/\/www.latribunedeplanas.com\/wp-content\/uploads\/1963\/12\/aout-2021.jpg\" \/>\n\t<meta property=\"og:image:width\" content=\"1080\" \/>\n\t<meta property=\"og:image:height\" content=\"700\" \/>\n\t<meta property=\"og:image:type\" content=\"image\/jpeg\" \/>\n<meta name=\"author\" content=\"Jim\" \/>\n<meta name=\"twitter:card\" content=\"summary_large_image\" \/>\n<meta name=\"twitter:label1\" content=\"Escrito por\" \/>\n\t<meta name=\"twitter:data1\" content=\"Jim\" \/>\n\t<meta name=\"twitter:label2\" content=\"Tiempo de lectura\" \/>\n\t<meta name=\"twitter:data2\" content=\"10 minutos\" \/>\n<script type=\"application\/ld+json\" class=\"yoast-schema-graph\">{\"@context\":\"https:\\\/\\\/schema.org\",\"@graph\":[{\"@type\":\"Article\",\"@id\":\"https:\\\/\\\/www.latribunedeplanas.com\\\/es\\\/planes-del-rei-en-el-municipio-de-pratdip\\\/#article\",\"isPartOf\":{\"@id\":\"https:\\\/\\\/www.latribunedeplanas.com\\\/es\\\/planes-del-rei-en-el-municipio-de-pratdip\\\/\"},\"author\":{\"name\":\"Jim\",\"@id\":\"https:\\\/\\\/www.latribunedeplanas.com\\\/es\\\/#\\\/schema\\\/person\\\/590a87318688792f18d8e1c983528bc8\"},\"headline\":\"Planes del Rei, una urbanizaci\u00f3n abandonada en el municipio de Pratdip\",\"datePublished\":\"2021-09-06T23:06:26+00:00\",\"dateModified\":\"2025-09-16T09:49:22+00:00\",\"mainEntityOfPage\":{\"@id\":\"https:\\\/\\\/www.latribunedeplanas.com\\\/es\\\/planes-del-rei-en-el-municipio-de-pratdip\\\/\"},\"wordCount\":650,\"publisher\":{\"@id\":\"https:\\\/\\\/www.latribunedeplanas.com\\\/es\\\/#organization\"},\"image\":{\"@id\":\"https:\\\/\\\/www.latribunedeplanas.com\\\/es\\\/planes-del-rei-en-el-municipio-de-pratdip\\\/#primaryimage\"},\"thumbnailUrl\":\"https:\\\/\\\/www.latribunedeplanas.com\\\/wp-content\\\/uploads\\\/1963\\\/12\\\/aout-2021.jpg\",\"articleSection\":[\"Art\u00edculos de 2021 y 2022\"],\"inLanguage\":\"es\"},{\"@type\":\"WebPage\",\"@id\":\"https:\\\/\\\/www.latribunedeplanas.com\\\/es\\\/planes-del-rei-en-el-municipio-de-pratdip\\\/\",\"url\":\"https:\\\/\\\/www.latribunedeplanas.com\\\/es\\\/planes-del-rei-en-el-municipio-de-pratdip\\\/\",\"name\":\"Planes del Rei, una urbanizaci\u00f3n abandonada en el municipio de Pratdip\",\"isPartOf\":{\"@id\":\"https:\\\/\\\/www.latribunedeplanas.com\\\/es\\\/#website\"},\"primaryImageOfPage\":{\"@id\":\"https:\\\/\\\/www.latribunedeplanas.com\\\/es\\\/planes-del-rei-en-el-municipio-de-pratdip\\\/#primaryimage\"},\"image\":{\"@id\":\"https:\\\/\\\/www.latribunedeplanas.com\\\/es\\\/planes-del-rei-en-el-municipio-de-pratdip\\\/#primaryimage\"},\"thumbnailUrl\":\"https:\\\/\\\/www.latribunedeplanas.com\\\/wp-content\\\/uploads\\\/1963\\\/12\\\/aout-2021.jpg\",\"datePublished\":\"2021-09-06T23:06:26+00:00\",\"dateModified\":\"2025-09-16T09:49:22+00:00\",\"description\":\"Planas del Rey es una urbanizaci\u00f3n situada en el territorio del municipio de Pratdip, en Catalu\u00f1a. Concebida como un lugar de residencia\",\"breadcrumb\":{\"@id\":\"https:\\\/\\\/www.latribunedeplanas.com\\\/es\\\/planes-del-rei-en-el-municipio-de-pratdip\\\/#breadcrumb\"},\"inLanguage\":\"es\",\"potentialAction\":[{\"@type\":\"ReadAction\",\"target\":[\"https:\\\/\\\/www.latribunedeplanas.com\\\/es\\\/planes-del-rei-en-el-municipio-de-pratdip\\\/\"]}]},{\"@type\":\"ImageObject\",\"inLanguage\":\"es\",\"@id\":\"https:\\\/\\\/www.latribunedeplanas.com\\\/es\\\/planes-del-rei-en-el-municipio-de-pratdip\\\/#primaryimage\",\"url\":\"https:\\\/\\\/www.latribunedeplanas.com\\\/wp-content\\\/uploads\\\/1963\\\/12\\\/aout-2021.jpg\",\"contentUrl\":\"https:\\\/\\\/www.latribunedeplanas.com\\\/wp-content\\\/uploads\\\/1963\\\/12\\\/aout-2021.jpg\",\"width\":1080,\"height\":700},{\"@type\":\"BreadcrumbList\",\"@id\":\"https:\\\/\\\/www.latribunedeplanas.com\\\/es\\\/planes-del-rei-en-el-municipio-de-pratdip\\\/#breadcrumb\",\"itemListElement\":[{\"@type\":\"ListItem\",\"position\":1,\"name\":\"Accueil\",\"item\":\"https:\\\/\\\/www.latribunedeplanas.com\\\/es\\\/\"},{\"@type\":\"ListItem\",\"position\":2,\"name\":\"Planes del Rei, una urbanizaci\u00f3n abandonada en el municipio de Pratdip\"}]},{\"@type\":\"WebSite\",\"@id\":\"https:\\\/\\\/www.latribunedeplanas.com\\\/es\\\/#website\",\"url\":\"https:\\\/\\\/www.latribunedeplanas.com\\\/es\\\/\",\"name\":\"La Tribune de Planas\",\"description\":\"Les Planes del Rei - Urbanizaci\u00f3n del municipio de Pratdip\",\"publisher\":{\"@id\":\"https:\\\/\\\/www.latribunedeplanas.com\\\/es\\\/#organization\"},\"potentialAction\":[{\"@type\":\"SearchAction\",\"target\":{\"@type\":\"EntryPoint\",\"urlTemplate\":\"https:\\\/\\\/www.latribunedeplanas.com\\\/es\\\/?s={search_term_string}\"},\"query-input\":{\"@type\":\"PropertyValueSpecification\",\"valueRequired\":true,\"valueName\":\"search_term_string\"}}],\"inLanguage\":\"es\"},{\"@type\":\"Organization\",\"@id\":\"https:\\\/\\\/www.latribunedeplanas.com\\\/es\\\/#organization\",\"name\":\"Vecinos de Planes del Rei (SOSPlanes)\",\"url\":\"https:\\\/\\\/www.latribunedeplanas.com\\\/es\\\/\",\"logo\":{\"@type\":\"ImageObject\",\"inLanguage\":\"es\",\"@id\":\"https:\\\/\\\/www.latribunedeplanas.com\\\/es\\\/#\\\/schema\\\/logo\\\/image\\\/\",\"url\":\"https:\\\/\\\/www.latribunedeplanas.com\\\/wp-content\\\/uploads\\\/2021\\\/11\\\/logo-sos-planas-0.png\",\"contentUrl\":\"https:\\\/\\\/www.latribunedeplanas.com\\\/wp-content\\\/uploads\\\/2021\\\/11\\\/logo-sos-planas-0.png\",\"width\":600,\"height\":400,\"caption\":\"Vecinos de Planes del Rei (SOSPlanes)\"},\"image\":{\"@id\":\"https:\\\/\\\/www.latribunedeplanas.com\\\/es\\\/#\\\/schema\\\/logo\\\/image\\\/\"},\"sameAs\":[\"https:\\\/\\\/www.facebook.com\\\/groups\\\/1220895301376005\\\/\",\"https:\\\/\\\/www.instagram.com\\\/lasplanasdelrey\\\/\"]},{\"@type\":\"Person\",\"@id\":\"https:\\\/\\\/www.latribunedeplanas.com\\\/es\\\/#\\\/schema\\\/person\\\/590a87318688792f18d8e1c983528bc8\",\"name\":\"Jim\",\"image\":{\"@type\":\"ImageObject\",\"inLanguage\":\"es\",\"@id\":\"https:\\\/\\\/secure.gravatar.com\\\/avatar\\\/5a89228fd282eb9ee33a60b4ff06f9c31751866f1fb91ca56263af0968354113?s=96&d=mm&r=g\",\"url\":\"https:\\\/\\\/secure.gravatar.com\\\/avatar\\\/5a89228fd282eb9ee33a60b4ff06f9c31751866f1fb91ca56263af0968354113?s=96&d=mm&r=g\",\"contentUrl\":\"https:\\\/\\\/secure.gravatar.com\\\/avatar\\\/5a89228fd282eb9ee33a60b4ff06f9c31751866f1fb91ca56263af0968354113?s=96&d=mm&r=g\",\"caption\":\"Jim\"},\"sameAs\":[\"https:\\\/\\\/www.creawebsite.be\\\/\",\"https:\\\/\\\/www.facebook.com\\\/Creawebsite-113915200150984\",\"https:\\\/\\\/www.instagram.com\\\/creawebsite.be\\\/\",\"https:\\\/\\\/www.linkedin.com\\\/in\\\/jean-marc-delchef\\\/\"]}]}<\/script>\n<!-- \/ Yoast SEO plugin. -->","yoast_head_json":{"title":"Planes del Rei, una urbanizaci\u00f3n abandonada en el municipio de Pratdip","description":"Planas del Rey es una urbanizaci\u00f3n situada en el territorio del municipio de Pratdip, en Catalu\u00f1a. Concebida como un lugar de residencia","robots":{"index":"index","follow":"follow","max-snippet":"max-snippet:-1","max-image-preview":"max-image-preview:large","max-video-preview":"max-video-preview:-1"},"canonical":"https:\/\/www.latribunedeplanas.com\/es\/planes-del-rei-en-el-municipio-de-pratdip\/","og_locale":"es_ES","og_type":"article","og_title":"Planes del Rei, una urbanizaci\u00f3n abandonada en el municipio de Pratdip","og_description":"Planas del Rey es una urbanizaci\u00f3n situada en el territorio del municipio de Pratdip, en Catalu\u00f1a. Concebida como un lugar de residencia","og_url":"https:\/\/www.latribunedeplanas.com\/es\/planes-del-rei-en-el-municipio-de-pratdip\/","og_site_name":"La Tribune de Planas","article_publisher":"https:\/\/www.facebook.com\/groups\/1220895301376005\/","article_author":"https:\/\/www.facebook.com\/Creawebsite-113915200150984","article_published_time":"2021-09-06T23:06:26+00:00","article_modified_time":"2025-09-16T09:49:22+00:00","og_image":[{"width":1080,"height":700,"url":"https:\/\/www.latribunedeplanas.com\/wp-content\/uploads\/1963\/12\/aout-2021.jpg","type":"image\/jpeg"}],"author":"Jim","twitter_card":"summary_large_image","twitter_misc":{"Escrito por":"Jim","Tiempo de lectura":"10 minutos"},"schema":{"@context":"https:\/\/schema.org","@graph":[{"@type":"Article","@id":"https:\/\/www.latribunedeplanas.com\/es\/planes-del-rei-en-el-municipio-de-pratdip\/#article","isPartOf":{"@id":"https:\/\/www.latribunedeplanas.com\/es\/planes-del-rei-en-el-municipio-de-pratdip\/"},"author":{"name":"Jim","@id":"https:\/\/www.latribunedeplanas.com\/es\/#\/schema\/person\/590a87318688792f18d8e1c983528bc8"},"headline":"Planes del Rei, una urbanizaci\u00f3n abandonada en el municipio de Pratdip","datePublished":"2021-09-06T23:06:26+00:00","dateModified":"2025-09-16T09:49:22+00:00","mainEntityOfPage":{"@id":"https:\/\/www.latribunedeplanas.com\/es\/planes-del-rei-en-el-municipio-de-pratdip\/"},"wordCount":650,"publisher":{"@id":"https:\/\/www.latribunedeplanas.com\/es\/#organization"},"image":{"@id":"https:\/\/www.latribunedeplanas.com\/es\/planes-del-rei-en-el-municipio-de-pratdip\/#primaryimage"},"thumbnailUrl":"https:\/\/www.latribunedeplanas.com\/wp-content\/uploads\/1963\/12\/aout-2021.jpg","articleSection":["Art\u00edculos de 2021 y 2022"],"inLanguage":"es"},{"@type":"WebPage","@id":"https:\/\/www.latribunedeplanas.com\/es\/planes-del-rei-en-el-municipio-de-pratdip\/","url":"https:\/\/www.latribunedeplanas.com\/es\/planes-del-rei-en-el-municipio-de-pratdip\/","name":"Planes del Rei, una urbanizaci\u00f3n abandonada en el municipio de Pratdip","isPartOf":{"@id":"https:\/\/www.latribunedeplanas.com\/es\/#website"},"primaryImageOfPage":{"@id":"https:\/\/www.latribunedeplanas.com\/es\/planes-del-rei-en-el-municipio-de-pratdip\/#primaryimage"},"image":{"@id":"https:\/\/www.latribunedeplanas.com\/es\/planes-del-rei-en-el-municipio-de-pratdip\/#primaryimage"},"thumbnailUrl":"https:\/\/www.latribunedeplanas.com\/wp-content\/uploads\/1963\/12\/aout-2021.jpg","datePublished":"2021-09-06T23:06:26+00:00","dateModified":"2025-09-16T09:49:22+00:00","description":"Planas del Rey es una urbanizaci\u00f3n situada en el territorio del municipio de Pratdip, en Catalu\u00f1a. Concebida como un lugar de residencia","breadcrumb":{"@id":"https:\/\/www.latribunedeplanas.com\/es\/planes-del-rei-en-el-municipio-de-pratdip\/#breadcrumb"},"inLanguage":"es","potentialAction":[{"@type":"ReadAction","target":["https:\/\/www.latribunedeplanas.com\/es\/planes-del-rei-en-el-municipio-de-pratdip\/"]}]},{"@type":"ImageObject","inLanguage":"es","@id":"https:\/\/www.latribunedeplanas.com\/es\/planes-del-rei-en-el-municipio-de-pratdip\/#primaryimage","url":"https:\/\/www.latribunedeplanas.com\/wp-content\/uploads\/1963\/12\/aout-2021.jpg","contentUrl":"https:\/\/www.latribunedeplanas.com\/wp-content\/uploads\/1963\/12\/aout-2021.jpg","width":1080,"height":700},{"@type":"BreadcrumbList","@id":"https:\/\/www.latribunedeplanas.com\/es\/planes-del-rei-en-el-municipio-de-pratdip\/#breadcrumb","itemListElement":[{"@type":"ListItem","position":1,"name":"Accueil","item":"https:\/\/www.latribunedeplanas.com\/es\/"},{"@type":"ListItem","position":2,"name":"Planes del Rei, una urbanizaci\u00f3n abandonada en el municipio de Pratdip"}]},{"@type":"WebSite","@id":"https:\/\/www.latribunedeplanas.com\/es\/#website","url":"https:\/\/www.latribunedeplanas.com\/es\/","name":"La Tribune de Planas","description":"Les Planes del Rei - Urbanizaci\u00f3n del municipio de Pratdip","publisher":{"@id":"https:\/\/www.latribunedeplanas.com\/es\/#organization"},"potentialAction":[{"@type":"SearchAction","target":{"@type":"EntryPoint","urlTemplate":"https:\/\/www.latribunedeplanas.com\/es\/?s={search_term_string}"},"query-input":{"@type":"PropertyValueSpecification","valueRequired":true,"valueName":"search_term_string"}}],"inLanguage":"es"},{"@type":"Organization","@id":"https:\/\/www.latribunedeplanas.com\/es\/#organization","name":"Vecinos de Planes del Rei (SOSPlanes)","url":"https:\/\/www.latribunedeplanas.com\/es\/","logo":{"@type":"ImageObject","inLanguage":"es","@id":"https:\/\/www.latribunedeplanas.com\/es\/#\/schema\/logo\/image\/","url":"https:\/\/www.latribunedeplanas.com\/wp-content\/uploads\/2021\/11\/logo-sos-planas-0.png","contentUrl":"https:\/\/www.latribunedeplanas.com\/wp-content\/uploads\/2021\/11\/logo-sos-planas-0.png","width":600,"height":400,"caption":"Vecinos de Planes del Rei (SOSPlanes)"},"image":{"@id":"https:\/\/www.latribunedeplanas.com\/es\/#\/schema\/logo\/image\/"},"sameAs":["https:\/\/www.facebook.com\/groups\/1220895301376005\/","https:\/\/www.instagram.com\/lasplanasdelrey\/"]},{"@type":"Person","@id":"https:\/\/www.latribunedeplanas.com\/es\/#\/schema\/person\/590a87318688792f18d8e1c983528bc8","name":"Jim","image":{"@type":"ImageObject","inLanguage":"es","@id":"https:\/\/secure.gravatar.com\/avatar\/5a89228fd282eb9ee33a60b4ff06f9c31751866f1fb91ca56263af0968354113?s=96&d=mm&r=g","url":"https:\/\/secure.gravatar.com\/avatar\/5a89228fd282eb9ee33a60b4ff06f9c31751866f1fb91ca56263af0968354113?s=96&d=mm&r=g","contentUrl":"https:\/\/secure.gravatar.com\/avatar\/5a89228fd282eb9ee33a60b4ff06f9c31751866f1fb91ca56263af0968354113?s=96&d=mm&r=g","caption":"Jim"},"sameAs":["https:\/\/www.creawebsite.be\/","https:\/\/www.facebook.com\/Creawebsite-113915200150984","https:\/\/www.instagram.com\/creawebsite.be\/","https:\/\/www.linkedin.com\/in\/jean-marc-delchef\/"]}]}},"_links":{"self":[{"href":"https:\/\/www.latribunedeplanas.com\/es\/wp-json\/wp\/v2\/posts\/20307","targetHints":{"allow":["GET"]}}],"collection":[{"href":"https:\/\/www.latribunedeplanas.com\/es\/wp-json\/wp\/v2\/posts"}],"about":[{"href":"https:\/\/www.latribunedeplanas.com\/es\/wp-json\/wp\/v2\/types\/post"}],"author":[{"embeddable":true,"href":"https:\/\/www.latribunedeplanas.com\/es\/wp-json\/wp\/v2\/users\/1"}],"replies":[{"embeddable":true,"href":"https:\/\/www.latribunedeplanas.com\/es\/wp-json\/wp\/v2\/comments?post=20307"}],"version-history":[{"count":7,"href":"https:\/\/www.latribunedeplanas.com\/es\/wp-json\/wp\/v2\/posts\/20307\/revisions"}],"predecessor-version":[{"id":29750,"href":"https:\/\/www.latribunedeplanas.com\/es\/wp-json\/wp\/v2\/posts\/20307\/revisions\/29750"}],"wp:featuredmedia":[{"embeddable":true,"href":"https:\/\/www.latribunedeplanas.com\/es\/wp-json\/wp\/v2\/media\/20302"}],"wp:attachment":[{"href":"https:\/\/www.latribunedeplanas.com\/es\/wp-json\/wp\/v2\/media?parent=20307"}],"wp:term":[{"taxonomy":"category","embeddable":true,"href":"https:\/\/www.latribunedeplanas.com\/es\/wp-json\/wp\/v2\/categories?post=20307"},{"taxonomy":"post_tag","embeddable":true,"href":"https:\/\/www.latribunedeplanas.com\/es\/wp-json\/wp\/v2\/tags?post=20307"}],"curies":[{"name":"wp","href":"https:\/\/api.w.org\/{rel}","templated":true}]}}