{"id":11243,"date":"2018-01-07T15:20:38","date_gmt":"2018-01-07T14:20:38","guid":{"rendered":"https:\/\/www.latribunedeplanas.com\/voisins-de-planes-faites-vous-entendre\/"},"modified":"2025-07-18T22:17:23","modified_gmt":"2025-07-18T20:17:23","slug":"habitantes-de-planas-hagan-ruido","status":"publish","type":"post","link":"https:\/\/www.latribunedeplanas.com\/es\/habitantes-de-planas-hagan-ruido\/","title":{"rendered":"\u00a1Habitantes de Planas, HAGAN RUIDO!"},"content":{"rendered":"<p>[et_pb_section fb_built=\u00bb1&#8243; admin_label=\u00bbSection-Article\u00bb module_class=\u00bbsection-article\u00bb _builder_version=\u00bb4.16&#8243; custom_margin=\u00bb0px|0px|0px|0px\u00bb custom_padding=\u00bb0px|0px|0px|0px\u00bb global_colors_info=\u00bb{}\u00bb][et_pb_row use_custom_gutter=\u00bbon\u00bb gutter_width=\u00bb1&#8243; admin_label=\u00bbLigne-Article\u00bb module_class=\u00bbligne-article et_pb_row_fullwidth\u00bb _builder_version=\u00bb4.16&#8243; width=\u00bb100%\u00bb width_tablet=\u00bb100%\u00bb width_phone=\u00bb100%\u00bb width_last_edited=\u00bbon|desktop\u00bb max_width=\u00bb100%\u00bb max_width_tablet=\u00bb100%\u00bb max_width_phone=\u00bb100%\u00bb max_width_last_edited=\u00bbon|desktop\u00bb custom_margin=\u00bb0px||0px\u00bb custom_padding=\u00bb0px||0px\u00bb make_fullwidth=\u00bbon\u00bb global_colors_info=\u00bb{}\u00bb][et_pb_column type=\u00bb4_4&#8243; _builder_version=\u00bb4.16&#8243; custom_padding=\u00bb|||\u00bb global_colors_info=\u00bb{}\u00bb custom_padding__hover=\u00bb|||\u00bb][et_pb_text admin_label=\u00bbTexte-Article-Voisins de Planes, FAITES-VOUS ENTENDRE !\u00bb module_class=\u00bbtxt-article\u00bb _builder_version=\u00bb4.27.4&#8243; text_font=\u00bb|300|||||||\u00bb header_font=\u00bb||||||||\u00bb header_2_font=\u00bb|600|||||||\u00bb header_2_font_size=\u00bb24px\u00bb header_2_line_height=\u00bb1.3em\u00bb header_3_font=\u00bb||||||||\u00bb header_3_font_size=\u00bb24px\u00bb header_3_line_height=\u00bb1.3em\u00bb header_4_font=\u00bb||||||||\u00bb header_4_text_align=\u00bbcenter\u00bb header_4_text_color=\u00bb#840303&#8243; header_4_font_size=\u00bb20px\u00bb header_5_font=\u00bb|600|||||||\u00bb header_5_text_color=\u00bb#840303&#8243; header_5_font_size=\u00bb20px\u00bb header_5_line_height=\u00bb1.7em\u00bb hover_enabled=\u00bb0&#8243; text_line_height_tablet=\u00bb\u00bb text_line_height_phone=\u00bb1.3em\u00bb text_line_height_last_edited=\u00bbon|desktop\u00bb header_2_font_size_tablet=\u00bb\u00bb header_2_font_size_phone=\u00bb23px\u00bb header_2_font_size_last_edited=\u00bbon|phone\u00bb header_2_line_height_phone=\u00bb1.3em\u00bb header_2_line_height_last_edited=\u00bboff|tablet\u00bb header_3_font_size_tablet=\u00bb\u00bb header_3_font_size_phone=\u00bb23px\u00bb header_3_font_size_last_edited=\u00bbon|phone\u00bb header_4_font_size_tablet=\u00bb\u00bb header_4_font_size_phone=\u00bb15px\u00bb header_4_font_size_last_edited=\u00bbon|phone\u00bb header_5_line_height_tablet=\u00bb\u00bb header_5_line_height_phone=\u00bb1.3em\u00bb header_5_line_height_last_edited=\u00bbon|phone\u00bb global_colors_info=\u00bb{}\u00bb sticky_enabled=\u00bb0&#8243;]<\/p>\n<h2>Los vecinos de Planes del Rei, en Pratdip, denuncian que llevan siete d\u00edas sin agua potable<\/h2>\n<p><span class=\"accentue\">ACN Pratdip<\/span> \u2013 La urbanizaci\u00f3n de Planes del Rei, en Pratdip (Baix Camp), est\u00e1 sin agua potable desde el 31 de diciembre. As\u00ed lo denuncian los vecinos, quienes afirman que el Ayuntamiento se desentiende del problema, atribuy\u00e9ndolo a un fallo en las instalaciones y justific\u00e1ndose en que se trata de una urbanizaci\u00f3n privada. En cambio, los afectados sostienen que, aunque sea privada, pagan las facturas de agua potable al Ayuntamiento.<\/p>\n<p>\u00ab El alcalde no ha hecho m\u00e1s que un decreto \u2013 presentado el mi\u00e9rcoles \u2013 en el que explica que ha pedido a la empresa que haga lo posible para que tengamos agua \u00bb, declar\u00f3 a la agencia ACN \u00d2scar Serrano, uno de los vecinos afectados. A\u00f1ade que el alcalde mantiene que deben ser los propietarios quienes paguen las reparaciones.<\/p>\n<p>En la urbanizaci\u00f3n, unos <span class=\"accentue\">190 residentes<\/span> se han visto afectados por este corte de agua, que ocurre en plena \u00e9poca navide\u00f1a y de Reyes, cuando muchas familias reciben la visita de parientes de otros lugares.<br \/>\u00ab No podemos ducharnos, ni lavar la ropa, ni cocinar \u00bb, lamenta Serrano, quien precisa que algunos vecinos presentaron denuncia el martes ante los Mossos d\u2019Esquadra (polic\u00eda catalana).<\/p>\n<p>Serrano explica adem\u00e1s que algunos vecinos tuvieron que irse a casas de familiares en otros pueblos porque \u00ab no pod\u00edan soportar m\u00e1s \u00bb esta situaci\u00f3n tras <span class=\"accentue\">siete d\u00edas sin agua potable<\/span>, salvo algunos momentos puntuales en los que volvi\u00f3 a fluir brevemente.<\/p>\n<p>Los vecinos denuncian tambi\u00e9n que ning\u00fan equipo t\u00e9cnico se ha desplazado hasta la urbanizaci\u00f3n para reparar las instalaciones, y que <span class=\"accentue\">no se ha ofrecido ninguna soluci\u00f3n alternativa<\/span>, como un cami\u00f3n cisterna.<\/p>\n<p>Los afectados subrayan que pagan sus <span class=\"accentue\">facturas de agua al Ayuntamiento<\/span>, as\u00ed como las <span class=\"accentue\">tasas de mantenimiento y reparaci\u00f3n<\/span> correspondientes. Serrano a\u00f1ade que actualmente se debate \u00ab si las bombas son nuevas o viejas \u00bb, pero para \u00e9l eso no tiene importancia, ya que <span class=\"accentue\">el Ayuntamiento es responsable<\/span>:<br \/>\u00ab Hay que pagar y ya est\u00e1. Pagamos muchos impuestos cada a\u00f1o, y esos costes ya est\u00e1n incluidos en la factura mensual \u00bb, argumenta.<\/p>\n<p>Adem\u00e1s, lamenta que esta situaci\u00f3n sea a\u00fan m\u00e1s absurda teniendo en cuenta que Pratdip es uno de los municipios con m\u00e1s recursos h\u00eddricos:<br \/>\u00ab El agua corre por los barrancos, las fuentes brotan por todas partes; no tener agua simplemente por la falta de un mecanismo es muy grave, sobre todo cuando el Ayuntamiento tiene toda la responsabilidad. \u00bb<\/p>\n<p>El s\u00e1bado por la tarde, los vecinos se <span class=\"accentue\">reunieron para denunciar p\u00fablicamente<\/span> esta situaci\u00f3n.<\/p>\n<p><a href=\"https:\/\/www.lavanguardia.com\/\" target=\"_blank\" rel=\"noopener\"><img loading=\"lazy\" decoding=\"async\" src=\"https:\/\/www.latribunedeplanas.com\/wp-content\/uploads\/2018\/01\/logo2-la-vanguardia.png\" alt=\"Els ve\u00efns de Planes del Rei, a Pratdip, denuncien que porten set dies sense aigua potable a casa\" width=\"200\" height=\"29\" \/><\/a><\/p>\n<hr style=\"margin-bottom: 30px;\" \/>\n<h2>Una urbanizaci\u00f3n del Baix Camp sin agua desde hace una semana<\/h2>\n<p>La urbanizaci\u00f3n de Planes del Rei, en Pratdip (Baix Camp), lleva sin agua potable desde el 31 de diciembre. As\u00ed lo denuncian los vecinos, quienes afirman que el Ayuntamiento se desentiende del problema, que estar\u00eda causado por un fallo en las instalaciones. La administraci\u00f3n local justifica su inacci\u00f3n alegando que se trata de una urbanizaci\u00f3n privada.<\/p>\n<p>Los afectados recuerdan, sin embargo, que aunque sea privada, pagan sus facturas de agua potable al Ayuntamiento. \u00ab El alcalde no ha hecho m\u00e1s que un decreto [presentado el mi\u00e9rcoles] en el que indica haber solicitado a la empresa que haga lo necesario para que tengamos agua \u00bb, declar\u00f3 \u00d2scar Serrano, uno de los residentes afectados. A\u00f1ade que el alcalde insiste en que son los propietarios quienes deben pagar las reparaciones.<\/p>\n<p>Aproximadamente 190 residentes se han visto afectados por este corte, que tuvo lugar en plena festividad de A\u00f1o Nuevo y Reyes, justo cuando muchas familias recib\u00edan la visita de sus seres queridos.<br \/>Algunos vecinos presentaron denuncia ante los Mossos d\u2019Esquadra (la polic\u00eda catalana).<\/p>\n<p><a href=\"https:\/\/www.elpuntavui.cat\/\" target=\"_blank\" rel=\"noopener\"><img loading=\"lazy\" decoding=\"async\" class=\"alignnone size-full wp-image-6145\" src=\"https:\/\/www.latribunedeplanas.com\/wp-content\/uploads\/2018\/01\/logo2-elpunt.png\" alt=\"\" width=\"100\" height=\"47\" \/><\/a><\/p>\n<hr style=\"margin-bottom: 30px;\" \/>\n<h2>El suministro de agua enfrenta a Pratdip y Les Planes del Rei<\/h2>\n<p>Esta ma\u00f1ana, el municipio de Pratdip ha celebrado su primer pleno del a\u00f1o, marcado por la pol\u00e9mica. El debate se centr\u00f3 en los problemas de abastecimiento de agua en la urbanizaci\u00f3n privada de Les Planes del Rei.<\/p>\n<p>La controversia fue el tema principal del primer pleno municipal del a\u00f1o celebrado esta ma\u00f1ana en Pratdip. Una treintena de vecinos asistieron a la sesi\u00f3n, que se desarroll\u00f3 en un ambiente tenso, y a la que las c\u00e1maras de Canal Reus Televisi\u00f3 tuvieron prohibido el acceso a petici\u00f3n del alcalde, quien impidi\u00f3 la grabaci\u00f3n del pleno.<\/p>\n<p><img decoding=\"async\" class=\"size-full wp-image-6172 aligncenter\" src=\"https:\/\/www.latribunedeplanas.com\/wp-content\/uploads\/2018\/01\/manif-mairie.jpg\" alt=\"Una urbanitzaci\u00f3 del Baix Camp, les planes del rei, fa una setmana que no t\u00e9 aigua\" width=\"100%\" height=\"\" srcset=\"https:\/\/www.latribunedeplanas.com\/wp-content\/uploads\/2018\/01\/manif-mairie.jpg 490w, https:\/\/www.latribunedeplanas.com\/wp-content\/uploads\/2018\/01\/manif-mairie-300x165.jpg 300w\" sizes=\"(max-width: 490px) 100vw, 490px\" \/><\/p>\n<p>Los hechos se remontan al 31 de diciembre, cuando los residentes de esta zona se quedaron sin agua corriente. Desde entonces, denuncian la inacci\u00f3n del gobierno local ante la situaci\u00f3n, as\u00ed como la falta de soluciones propuestas.<\/p>\n<p class=\"video\"><iframe loading=\"lazy\" title=\"El subministrament d&#039;aigua enfronta Pratdip i Les Planes del Rei\" width=\"1080\" height=\"608\" src=\"https:\/\/www.youtube.com\/embed\/cwIR7PTk5_k?feature=oembed\"  allow=\"accelerometer; autoplay; clipboard-write; encrypted-media; gyroscope; picture-in-picture; web-share\" referrerpolicy=\"strict-origin-when-cross-origin\" allowfullscreen><\/iframe><\/p>\n<p>La zona, que dispone de <span class=\"accentue\">cuatro pozos propios<\/span>, se qued\u00f3 sin agua el 31 de diciembre. Esta situaci\u00f3n ha provocado numerosas quejas contra el Ayuntamiento, al que acusan de no trabajar en beneficio de los vecinos de Les Planes del Rei. Durante varios d\u00edas, aseguran haber contado con la ayuda de <span class=\"accentue\">dos voluntarios<\/span> que realizaron reparaciones puntuales para mitigar el problema.<\/p>\n<p>Bernardo Gallardo, vecino de Les Planes, relata que, con la ayuda de otras dos personas, realizaron reparaciones que permitieron restablecer parcialmente el funcionamiento de la red:<br \/>\u00ab En realidad, quienes reparamos y volvimos a poner en funcionamiento las bombas de agua fuimos yo y un par de compa\u00f1eros, junto con gente de Les Planes. Los t\u00e9cnicos pasaron por la urbanizaci\u00f3n, pero en ning\u00fan momento con la intenci\u00f3n de reparar o intervenir la maquinaria \u00bb, explica.<\/p>\n<p>El Ayuntamiento insiste en que la urbanizaci\u00f3n tiene car\u00e1cter privado, y por lo tanto <span class=\"accentue\">no es responsable del mantenimiento de la red<\/span> de agua interior. Al mismo tiempo, <span class=\"accentue\">desmiente la versi\u00f3n de los vecinos<\/span> sobre la falta total de suministro. Seg\u00fan el alcalde Joan Maria Rovira, la gesti\u00f3n de la red interior, del bombeo y de los dep\u00f3sitos corresponde a la Entidad Urban\u00edstica de Les Planes del Rei, y que el Ayuntamiento solo suministra agua hasta la entrada del barrio. Sobre la falta de agua, niega que los propietarios hayan estado varios d\u00edas seguidos sin suministro, aunque reconoce que en algunos casos pudieron notar baja presi\u00f3n.<\/p>\n<h3>Un convenio en preparaci\u00f3n<\/h3>\n<p>Para evitar que la situaci\u00f3n se repita, el Ayuntamiento de Pratdip est\u00e1 elaborando un convenio que defina las responsabilidades de cada parte en caso de futuros incidentes. El documento tambi\u00e9n incluir\u00e1 a la empresa distribuidora de agua.<br \/>Los vecinos lamentan no haber tenido acceso al texto final, ya que solo han visto un borrador. As\u00ed lo se\u00f1ala Christian Peuman, presidente de la entidad en proceso de liquidaci\u00f3n de la urbanizaci\u00f3n Les Planes del Rei. Lamenta que no se haya encontrado una soluci\u00f3n antes y afirma que este convenio deber\u00eda haberse redactado hace tiempo. A\u00f1ade que quiere estudiar el documento en detalle, especialmente los costes que podr\u00eda implicar para los propietarios en futuras incidencias.<\/p>\n<p>El tema del convenio fue ampliamente abordado durante la sesi\u00f3n plenaria de esta ma\u00f1ana. El PSC propuso la creaci\u00f3n de una <span class=\"accentue\">mesa de trabajo formada por personas neutrales<\/span> para intentar desbloquear la situaci\u00f3n. Esta propuesta fue incluida como moci\u00f3n en el pleno del martes.<\/p>\n<p>El debate sobre el texto provoc\u00f3 incluso un <span class=\"accentue\">enfrentamiento verbal<\/span> entre el concejal de Unidos Por Planas, \u00d2scar Serrano, y el alcalde Joan Maria Rovira. Ambos se reprocharon mutuamente la responsabilidad del bloqueo, haciendo referencia al contexto pol\u00edtico en el que Serrano abandon\u00f3 el pacto de gobierno. Seg\u00fan Rovira, esa decisi\u00f3n paraliz\u00f3 varios proyectos municipales, entre ellos, este convenio sobre el agua.<\/p>\n<p>Al final de la sesi\u00f3n, que dur\u00f3 poco m\u00e1s de una hora, los asistentes salieron del ayuntamiento con pancartas en contra de la gesti\u00f3n de la crisis por parte del consistorio. Varios vecinos alzaron la voz. Es el caso de Evelyn Planet, vecina de Les Planes, quien calific\u00f3 la sesi\u00f3n de \u00ab escandalosa \u00bb. Un sentimiento compartido por otro vecino, Abraham Ruiz, quien habla de un <span class=\"accentue\">bloqueo total entre las distintas partes<\/span> para encontrar una soluci\u00f3n.<\/p>\n<h3>Se reabre el debate sobre la recepci\u00f3n de la urbanizaci\u00f3n<\/h3>\n<p>Actualmente, todas las casas de Les Planes del Rei vuelven a estar abastecidas de agua. No obstante, los vecinos se quejan de la baja presi\u00f3n del suministro. Esta nueva crisis ha reavivado el debate sobre la <span class=\"accentue\">recepci\u00f3n oficial de la urbanizaci\u00f3n<\/span> por parte del Ayuntamiento. Un proyecto hoy por hoy <span class=\"accentue\">inviable<\/span> debido a los procedimientos judiciales en curso, lo que hace prever plazos muy largos antes de cualquier avance.<\/p>\n<p class=\"accentue\">Ariadna Escoda Padilla<\/p>\n<p><a href=\"https:\/\/canalreus.cat\/\" target=\"_blank\" rel=\"noopener\"><img loading=\"lazy\" decoding=\"async\" src=\"https:\/\/www.latribunedeplanas.com\/wp-content\/uploads\/2018\/01\/logo2_canal_reus_2.png\" alt=\"Pratdip, planes del rei, canal_reus\" width=\"120\" height=\"38\" \/><\/a><\/p>\n<p>[\/et_pb_text][et_pb_text admin_label=\u00bbTexte-Lien\u00bb module_class=\u00bbtxt-article\u00bb _builder_version=\u00bb4.27.4&#8243; text_font=\u00bb|300|||||||\u00bb header_font=\u00bb||||||||\u00bb header_2_line_height=\u00bb1.2em\u00bb header_3_font=\u00bb||||||||\u00bb header_3_line_height=\u00bb1.3em\u00bb header_4_text_align=\u00bbcenter\u00bb custom_padding=\u00bb30px||||false|false\u00bb text_line_height_tablet=\u00bb\u00bb text_line_height_phone=\u00bb1.3em\u00bb text_line_height_last_edited=\u00bbon|desktop\u00bb header_2_font_size_tablet=\u00bb\u00bb header_2_font_size_phone=\u00bb\u00bb header_2_font_size_last_edited=\u00bbon|phone\u00bb header_3_font_size_tablet=\u00bb\u00bb header_3_font_size_phone=\u00bb23px\u00bb header_3_font_size_last_edited=\u00bbon|desktop\u00bb locked=\u00bboff\u00bb global_colors_info=\u00bb{}\u00bb]<\/p>\n<p><a href=\"https:\/\/www.latribunedeplanas.com\/es\/feliz-ano-nuevo-casi\/\">-Lee tambi\u00e9n: Escasez de agua en Planas del Rey: la indiferencia culpable del Ayuntamiento<\/a><\/p>\n<p><a href=\"https:\/\/www.latribunedeplanas.com\/es\/la-prensa-catalana-vino-visitarnos\/\">-Lee tambi\u00e9n: La Prensa Catalana vino visitarnos<\/a><\/p>\n<p><a href=\"https:\/\/www.latribunedeplanas.com\/es\/informe-sobre-los-ultimos-eventos-de-planas-reportados-por-el-regidor-municipal-senor-oscar-serrano\/\">-Lee tambi\u00e9n: Informe sobre los \u00faltimos eventos de Planas reportados por el Regidor Municipal se\u00f1or Oscar Serrano<\/a><\/p>\n<p>[\/et_pb_text][\/et_pb_column][\/et_pb_row][\/et_pb_section]<\/p>\n","protected":false},"excerpt":{"rendered":"<p>Los vecinos de Planes del Rei, en Pratdip, denuncian que llevan siete d\u00edas sin agua potable ACN Pratdip \u2013 La urbanizaci\u00f3n de Planes del Rei, en Pratdip (Baix Camp), est\u00e1 sin agua potable desde el 31 de diciembre. As\u00ed lo denuncian los vecinos, quienes afirman que el Ayuntamiento se desentiende del problema, atribuy\u00e9ndolo a un [&hellip;]<\/p>\n","protected":false},"author":1,"featured_media":8301,"comment_status":"closed","ping_status":"closed","sticky":false,"template":"","format":"standard","meta":{"_et_pb_use_builder":"on","_et_pb_old_content":"","_et_gb_content_width":"","footnotes":""},"categories":[200],"tags":[],"class_list":["post-11243","post","type-post","status-publish","format-standard","has-post-thumbnail","hentry","category-articulos-de-2015-a-2018"],"yoast_head":"<!-- This site is optimized with the Yoast SEO plugin v27.5 - https:\/\/yoast.com\/product\/yoast-seo-wordpress\/ -->\n<title>\u00a1Habitantes de Planas, HAGAN RUIDO!<\/title>\n<meta name=\"description\" content=\"Vecinos de Planes del Rei denuncian cortes de agua, falta de soluciones y enfrentamiento con el Ayuntamiento de Pratdip. Crece la tensi\u00f3n.\" \/>\n<meta name=\"robots\" content=\"index, follow, max-snippet:-1, max-image-preview:large, max-video-preview:-1\" \/>\n<link rel=\"canonical\" href=\"https:\/\/www.latribunedeplanas.com\/es\/habitantes-de-planas-hagan-ruido\/\" \/>\n<meta property=\"og:locale\" content=\"es_ES\" \/>\n<meta property=\"og:type\" content=\"article\" \/>\n<meta property=\"og:title\" content=\"\u00a1Habitantes de Planas, HAGAN RUIDO!\" \/>\n<meta property=\"og:description\" content=\"Vecinos de Planes del Rei denuncian cortes de agua, falta de soluciones y enfrentamiento con el Ayuntamiento de Pratdip. Crece la tensi\u00f3n.\" \/>\n<meta property=\"og:url\" content=\"https:\/\/www.latribunedeplanas.com\/es\/habitantes-de-planas-hagan-ruido\/\" \/>\n<meta property=\"og:site_name\" content=\"La Tribune de Planas\" \/>\n<meta property=\"article:publisher\" content=\"https:\/\/www.facebook.com\/groups\/1220895301376005\/\" \/>\n<meta property=\"article:author\" content=\"https:\/\/www.facebook.com\/Creawebsite-113915200150984\" \/>\n<meta property=\"article:published_time\" content=\"2018-01-07T14:20:38+00:00\" \/>\n<meta property=\"article:modified_time\" content=\"2025-07-18T20:17:23+00:00\" \/>\n<meta property=\"og:image\" content=\"https:\/\/www.latribunedeplanas.com\/wp-content\/uploads\/2018\/01\/logo-medias-1.png\" \/>\n\t<meta property=\"og:image:width\" content=\"600\" \/>\n\t<meta property=\"og:image:height\" content=\"380\" \/>\n\t<meta property=\"og:image:type\" content=\"image\/png\" \/>\n<meta name=\"author\" content=\"Jim\" \/>\n<meta name=\"twitter:card\" content=\"summary_large_image\" \/>\n<meta name=\"twitter:label1\" content=\"Escrito por\" \/>\n\t<meta name=\"twitter:data1\" content=\"Jim\" \/>\n\t<meta name=\"twitter:label2\" content=\"Tiempo de lectura\" \/>\n\t<meta name=\"twitter:data2\" content=\"9 minutos\" \/>\n<script type=\"application\/ld+json\" class=\"yoast-schema-graph\">{\"@context\":\"https:\\\/\\\/schema.org\",\"@graph\":[{\"@type\":\"Article\",\"@id\":\"https:\\\/\\\/www.latribunedeplanas.com\\\/es\\\/habitantes-de-planas-hagan-ruido\\\/#article\",\"isPartOf\":{\"@id\":\"https:\\\/\\\/www.latribunedeplanas.com\\\/es\\\/habitantes-de-planas-hagan-ruido\\\/\"},\"author\":{\"name\":\"Jim\",\"@id\":\"https:\\\/\\\/www.latribunedeplanas.com\\\/es\\\/#\\\/schema\\\/person\\\/590a87318688792f18d8e1c983528bc8\"},\"headline\":\"\u00a1Habitantes de Planas, HAGAN RUIDO!\",\"datePublished\":\"2018-01-07T14:20:38+00:00\",\"dateModified\":\"2025-07-18T20:17:23+00:00\",\"mainEntityOfPage\":{\"@id\":\"https:\\\/\\\/www.latribunedeplanas.com\\\/es\\\/habitantes-de-planas-hagan-ruido\\\/\"},\"wordCount\":1870,\"publisher\":{\"@id\":\"https:\\\/\\\/www.latribunedeplanas.com\\\/es\\\/#organization\"},\"image\":{\"@id\":\"https:\\\/\\\/www.latribunedeplanas.com\\\/es\\\/habitantes-de-planas-hagan-ruido\\\/#primaryimage\"},\"thumbnailUrl\":\"https:\\\/\\\/www.latribunedeplanas.com\\\/wp-content\\\/uploads\\\/2018\\\/01\\\/logo-medias-1.png\",\"articleSection\":[\"Art\u00edculos de 2015 a 2018\"],\"inLanguage\":\"es\"},{\"@type\":\"WebPage\",\"@id\":\"https:\\\/\\\/www.latribunedeplanas.com\\\/es\\\/habitantes-de-planas-hagan-ruido\\\/\",\"url\":\"https:\\\/\\\/www.latribunedeplanas.com\\\/es\\\/habitantes-de-planas-hagan-ruido\\\/\",\"name\":\"\u00a1Habitantes de Planas, HAGAN RUIDO!\",\"isPartOf\":{\"@id\":\"https:\\\/\\\/www.latribunedeplanas.com\\\/es\\\/#website\"},\"primaryImageOfPage\":{\"@id\":\"https:\\\/\\\/www.latribunedeplanas.com\\\/es\\\/habitantes-de-planas-hagan-ruido\\\/#primaryimage\"},\"image\":{\"@id\":\"https:\\\/\\\/www.latribunedeplanas.com\\\/es\\\/habitantes-de-planas-hagan-ruido\\\/#primaryimage\"},\"thumbnailUrl\":\"https:\\\/\\\/www.latribunedeplanas.com\\\/wp-content\\\/uploads\\\/2018\\\/01\\\/logo-medias-1.png\",\"datePublished\":\"2018-01-07T14:20:38+00:00\",\"dateModified\":\"2025-07-18T20:17:23+00:00\",\"description\":\"Vecinos de Planes del Rei denuncian cortes de agua, falta de soluciones y enfrentamiento con el Ayuntamiento de Pratdip. Crece la tensi\u00f3n.\",\"breadcrumb\":{\"@id\":\"https:\\\/\\\/www.latribunedeplanas.com\\\/es\\\/habitantes-de-planas-hagan-ruido\\\/#breadcrumb\"},\"inLanguage\":\"es\",\"potentialAction\":[{\"@type\":\"ReadAction\",\"target\":[\"https:\\\/\\\/www.latribunedeplanas.com\\\/es\\\/habitantes-de-planas-hagan-ruido\\\/\"]}]},{\"@type\":\"ImageObject\",\"inLanguage\":\"es\",\"@id\":\"https:\\\/\\\/www.latribunedeplanas.com\\\/es\\\/habitantes-de-planas-hagan-ruido\\\/#primaryimage\",\"url\":\"https:\\\/\\\/www.latribunedeplanas.com\\\/wp-content\\\/uploads\\\/2018\\\/01\\\/logo-medias-1.png\",\"contentUrl\":\"https:\\\/\\\/www.latribunedeplanas.com\\\/wp-content\\\/uploads\\\/2018\\\/01\\\/logo-medias-1.png\",\"width\":600,\"height\":380},{\"@type\":\"BreadcrumbList\",\"@id\":\"https:\\\/\\\/www.latribunedeplanas.com\\\/es\\\/habitantes-de-planas-hagan-ruido\\\/#breadcrumb\",\"itemListElement\":[{\"@type\":\"ListItem\",\"position\":1,\"name\":\"Accueil\",\"item\":\"https:\\\/\\\/www.latribunedeplanas.com\\\/es\\\/\"},{\"@type\":\"ListItem\",\"position\":2,\"name\":\"\u00a1Habitantes de Planas, HAGAN RUIDO!\"}]},{\"@type\":\"WebSite\",\"@id\":\"https:\\\/\\\/www.latribunedeplanas.com\\\/es\\\/#website\",\"url\":\"https:\\\/\\\/www.latribunedeplanas.com\\\/es\\\/\",\"name\":\"La Tribune de Planas\",\"description\":\"Les Planes del Rei - Urbanizaci\u00f3n del municipio de Pratdip\",\"publisher\":{\"@id\":\"https:\\\/\\\/www.latribunedeplanas.com\\\/es\\\/#organization\"},\"potentialAction\":[{\"@type\":\"SearchAction\",\"target\":{\"@type\":\"EntryPoint\",\"urlTemplate\":\"https:\\\/\\\/www.latribunedeplanas.com\\\/es\\\/?s={search_term_string}\"},\"query-input\":{\"@type\":\"PropertyValueSpecification\",\"valueRequired\":true,\"valueName\":\"search_term_string\"}}],\"inLanguage\":\"es\"},{\"@type\":\"Organization\",\"@id\":\"https:\\\/\\\/www.latribunedeplanas.com\\\/es\\\/#organization\",\"name\":\"Vecinos de Planes del Rei (SOSPlanes)\",\"url\":\"https:\\\/\\\/www.latribunedeplanas.com\\\/es\\\/\",\"logo\":{\"@type\":\"ImageObject\",\"inLanguage\":\"es\",\"@id\":\"https:\\\/\\\/www.latribunedeplanas.com\\\/es\\\/#\\\/schema\\\/logo\\\/image\\\/\",\"url\":\"https:\\\/\\\/www.latribunedeplanas.com\\\/wp-content\\\/uploads\\\/2021\\\/11\\\/logo-sos-planas-0.png\",\"contentUrl\":\"https:\\\/\\\/www.latribunedeplanas.com\\\/wp-content\\\/uploads\\\/2021\\\/11\\\/logo-sos-planas-0.png\",\"width\":600,\"height\":400,\"caption\":\"Vecinos de Planes del Rei (SOSPlanes)\"},\"image\":{\"@id\":\"https:\\\/\\\/www.latribunedeplanas.com\\\/es\\\/#\\\/schema\\\/logo\\\/image\\\/\"},\"sameAs\":[\"https:\\\/\\\/www.facebook.com\\\/groups\\\/1220895301376005\\\/\",\"https:\\\/\\\/www.instagram.com\\\/lasplanasdelrey\\\/\"]},{\"@type\":\"Person\",\"@id\":\"https:\\\/\\\/www.latribunedeplanas.com\\\/es\\\/#\\\/schema\\\/person\\\/590a87318688792f18d8e1c983528bc8\",\"name\":\"Jim\",\"image\":{\"@type\":\"ImageObject\",\"inLanguage\":\"es\",\"@id\":\"https:\\\/\\\/secure.gravatar.com\\\/avatar\\\/5a89228fd282eb9ee33a60b4ff06f9c31751866f1fb91ca56263af0968354113?s=96&d=mm&r=g\",\"url\":\"https:\\\/\\\/secure.gravatar.com\\\/avatar\\\/5a89228fd282eb9ee33a60b4ff06f9c31751866f1fb91ca56263af0968354113?s=96&d=mm&r=g\",\"contentUrl\":\"https:\\\/\\\/secure.gravatar.com\\\/avatar\\\/5a89228fd282eb9ee33a60b4ff06f9c31751866f1fb91ca56263af0968354113?s=96&d=mm&r=g\",\"caption\":\"Jim\"},\"sameAs\":[\"https:\\\/\\\/www.creawebsite.be\\\/\",\"https:\\\/\\\/www.facebook.com\\\/Creawebsite-113915200150984\",\"https:\\\/\\\/www.instagram.com\\\/creawebsite.be\\\/\",\"https:\\\/\\\/www.linkedin.com\\\/in\\\/jean-marc-delchef\\\/\"]}]}<\/script>\n<!-- \/ Yoast SEO plugin. -->","yoast_head_json":{"title":"\u00a1Habitantes de Planas, HAGAN RUIDO!","description":"Vecinos de Planes del Rei denuncian cortes de agua, falta de soluciones y enfrentamiento con el Ayuntamiento de Pratdip. Crece la tensi\u00f3n.","robots":{"index":"index","follow":"follow","max-snippet":"max-snippet:-1","max-image-preview":"max-image-preview:large","max-video-preview":"max-video-preview:-1"},"canonical":"https:\/\/www.latribunedeplanas.com\/es\/habitantes-de-planas-hagan-ruido\/","og_locale":"es_ES","og_type":"article","og_title":"\u00a1Habitantes de Planas, HAGAN RUIDO!","og_description":"Vecinos de Planes del Rei denuncian cortes de agua, falta de soluciones y enfrentamiento con el Ayuntamiento de Pratdip. Crece la tensi\u00f3n.","og_url":"https:\/\/www.latribunedeplanas.com\/es\/habitantes-de-planas-hagan-ruido\/","og_site_name":"La Tribune de Planas","article_publisher":"https:\/\/www.facebook.com\/groups\/1220895301376005\/","article_author":"https:\/\/www.facebook.com\/Creawebsite-113915200150984","article_published_time":"2018-01-07T14:20:38+00:00","article_modified_time":"2025-07-18T20:17:23+00:00","og_image":[{"width":600,"height":380,"url":"https:\/\/www.latribunedeplanas.com\/wp-content\/uploads\/2018\/01\/logo-medias-1.png","type":"image\/png"}],"author":"Jim","twitter_card":"summary_large_image","twitter_misc":{"Escrito por":"Jim","Tiempo de lectura":"9 minutos"},"schema":{"@context":"https:\/\/schema.org","@graph":[{"@type":"Article","@id":"https:\/\/www.latribunedeplanas.com\/es\/habitantes-de-planas-hagan-ruido\/#article","isPartOf":{"@id":"https:\/\/www.latribunedeplanas.com\/es\/habitantes-de-planas-hagan-ruido\/"},"author":{"name":"Jim","@id":"https:\/\/www.latribunedeplanas.com\/es\/#\/schema\/person\/590a87318688792f18d8e1c983528bc8"},"headline":"\u00a1Habitantes de Planas, HAGAN RUIDO!","datePublished":"2018-01-07T14:20:38+00:00","dateModified":"2025-07-18T20:17:23+00:00","mainEntityOfPage":{"@id":"https:\/\/www.latribunedeplanas.com\/es\/habitantes-de-planas-hagan-ruido\/"},"wordCount":1870,"publisher":{"@id":"https:\/\/www.latribunedeplanas.com\/es\/#organization"},"image":{"@id":"https:\/\/www.latribunedeplanas.com\/es\/habitantes-de-planas-hagan-ruido\/#primaryimage"},"thumbnailUrl":"https:\/\/www.latribunedeplanas.com\/wp-content\/uploads\/2018\/01\/logo-medias-1.png","articleSection":["Art\u00edculos de 2015 a 2018"],"inLanguage":"es"},{"@type":"WebPage","@id":"https:\/\/www.latribunedeplanas.com\/es\/habitantes-de-planas-hagan-ruido\/","url":"https:\/\/www.latribunedeplanas.com\/es\/habitantes-de-planas-hagan-ruido\/","name":"\u00a1Habitantes de Planas, HAGAN RUIDO!","isPartOf":{"@id":"https:\/\/www.latribunedeplanas.com\/es\/#website"},"primaryImageOfPage":{"@id":"https:\/\/www.latribunedeplanas.com\/es\/habitantes-de-planas-hagan-ruido\/#primaryimage"},"image":{"@id":"https:\/\/www.latribunedeplanas.com\/es\/habitantes-de-planas-hagan-ruido\/#primaryimage"},"thumbnailUrl":"https:\/\/www.latribunedeplanas.com\/wp-content\/uploads\/2018\/01\/logo-medias-1.png","datePublished":"2018-01-07T14:20:38+00:00","dateModified":"2025-07-18T20:17:23+00:00","description":"Vecinos de Planes del Rei denuncian cortes de agua, falta de soluciones y enfrentamiento con el Ayuntamiento de Pratdip. Crece la tensi\u00f3n.","breadcrumb":{"@id":"https:\/\/www.latribunedeplanas.com\/es\/habitantes-de-planas-hagan-ruido\/#breadcrumb"},"inLanguage":"es","potentialAction":[{"@type":"ReadAction","target":["https:\/\/www.latribunedeplanas.com\/es\/habitantes-de-planas-hagan-ruido\/"]}]},{"@type":"ImageObject","inLanguage":"es","@id":"https:\/\/www.latribunedeplanas.com\/es\/habitantes-de-planas-hagan-ruido\/#primaryimage","url":"https:\/\/www.latribunedeplanas.com\/wp-content\/uploads\/2018\/01\/logo-medias-1.png","contentUrl":"https:\/\/www.latribunedeplanas.com\/wp-content\/uploads\/2018\/01\/logo-medias-1.png","width":600,"height":380},{"@type":"BreadcrumbList","@id":"https:\/\/www.latribunedeplanas.com\/es\/habitantes-de-planas-hagan-ruido\/#breadcrumb","itemListElement":[{"@type":"ListItem","position":1,"name":"Accueil","item":"https:\/\/www.latribunedeplanas.com\/es\/"},{"@type":"ListItem","position":2,"name":"\u00a1Habitantes de Planas, HAGAN RUIDO!"}]},{"@type":"WebSite","@id":"https:\/\/www.latribunedeplanas.com\/es\/#website","url":"https:\/\/www.latribunedeplanas.com\/es\/","name":"La Tribune de Planas","description":"Les Planes del Rei - Urbanizaci\u00f3n del municipio de Pratdip","publisher":{"@id":"https:\/\/www.latribunedeplanas.com\/es\/#organization"},"potentialAction":[{"@type":"SearchAction","target":{"@type":"EntryPoint","urlTemplate":"https:\/\/www.latribunedeplanas.com\/es\/?s={search_term_string}"},"query-input":{"@type":"PropertyValueSpecification","valueRequired":true,"valueName":"search_term_string"}}],"inLanguage":"es"},{"@type":"Organization","@id":"https:\/\/www.latribunedeplanas.com\/es\/#organization","name":"Vecinos de Planes del Rei (SOSPlanes)","url":"https:\/\/www.latribunedeplanas.com\/es\/","logo":{"@type":"ImageObject","inLanguage":"es","@id":"https:\/\/www.latribunedeplanas.com\/es\/#\/schema\/logo\/image\/","url":"https:\/\/www.latribunedeplanas.com\/wp-content\/uploads\/2021\/11\/logo-sos-planas-0.png","contentUrl":"https:\/\/www.latribunedeplanas.com\/wp-content\/uploads\/2021\/11\/logo-sos-planas-0.png","width":600,"height":400,"caption":"Vecinos de Planes del Rei (SOSPlanes)"},"image":{"@id":"https:\/\/www.latribunedeplanas.com\/es\/#\/schema\/logo\/image\/"},"sameAs":["https:\/\/www.facebook.com\/groups\/1220895301376005\/","https:\/\/www.instagram.com\/lasplanasdelrey\/"]},{"@type":"Person","@id":"https:\/\/www.latribunedeplanas.com\/es\/#\/schema\/person\/590a87318688792f18d8e1c983528bc8","name":"Jim","image":{"@type":"ImageObject","inLanguage":"es","@id":"https:\/\/secure.gravatar.com\/avatar\/5a89228fd282eb9ee33a60b4ff06f9c31751866f1fb91ca56263af0968354113?s=96&d=mm&r=g","url":"https:\/\/secure.gravatar.com\/avatar\/5a89228fd282eb9ee33a60b4ff06f9c31751866f1fb91ca56263af0968354113?s=96&d=mm&r=g","contentUrl":"https:\/\/secure.gravatar.com\/avatar\/5a89228fd282eb9ee33a60b4ff06f9c31751866f1fb91ca56263af0968354113?s=96&d=mm&r=g","caption":"Jim"},"sameAs":["https:\/\/www.creawebsite.be\/","https:\/\/www.facebook.com\/Creawebsite-113915200150984","https:\/\/www.instagram.com\/creawebsite.be\/","https:\/\/www.linkedin.com\/in\/jean-marc-delchef\/"]}]}},"_links":{"self":[{"href":"https:\/\/www.latribunedeplanas.com\/es\/wp-json\/wp\/v2\/posts\/11243","targetHints":{"allow":["GET"]}}],"collection":[{"href":"https:\/\/www.latribunedeplanas.com\/es\/wp-json\/wp\/v2\/posts"}],"about":[{"href":"https:\/\/www.latribunedeplanas.com\/es\/wp-json\/wp\/v2\/types\/post"}],"author":[{"embeddable":true,"href":"https:\/\/www.latribunedeplanas.com\/es\/wp-json\/wp\/v2\/users\/1"}],"replies":[{"embeddable":true,"href":"https:\/\/www.latribunedeplanas.com\/es\/wp-json\/wp\/v2\/comments?post=11243"}],"version-history":[{"count":2,"href":"https:\/\/www.latribunedeplanas.com\/es\/wp-json\/wp\/v2\/posts\/11243\/revisions"}],"predecessor-version":[{"id":25371,"href":"https:\/\/www.latribunedeplanas.com\/es\/wp-json\/wp\/v2\/posts\/11243\/revisions\/25371"}],"wp:featuredmedia":[{"embeddable":true,"href":"https:\/\/www.latribunedeplanas.com\/es\/wp-json\/wp\/v2\/media\/8301"}],"wp:attachment":[{"href":"https:\/\/www.latribunedeplanas.com\/es\/wp-json\/wp\/v2\/media?parent=11243"}],"wp:term":[{"taxonomy":"category","embeddable":true,"href":"https:\/\/www.latribunedeplanas.com\/es\/wp-json\/wp\/v2\/categories?post=11243"},{"taxonomy":"post_tag","embeddable":true,"href":"https:\/\/www.latribunedeplanas.com\/es\/wp-json\/wp\/v2\/tags?post=11243"}],"curies":[{"name":"wp","href":"https:\/\/api.w.org\/{rel}","templated":true}]}}