{"id":11218,"date":"1968-12-23T11:39:07","date_gmt":"1968-12-23T10:39:07","guid":{"rendered":"https:\/\/www.latribunedeplanas.com\/la-mairie-de-pratdip-accepte-de-recevoir-les-zones-communes-de-lurbanisation\/"},"modified":"2025-07-14T22:03:28","modified_gmt":"2025-07-14T20:03:28","slug":"el-ayuntamiento-de-pratdip-acepta-recibir-las-areas-comunes-de-la-urbanizacion","status":"publish","type":"post","link":"https:\/\/www.latribunedeplanas.com\/es\/el-ayuntamiento-de-pratdip-acepta-recibir-las-areas-comunes-de-la-urbanizacion\/","title":{"rendered":"23 de diciembre de 1968: Cuando el Ayuntamiento de Pratdip aceptaba en principio hacerse cargo de Planas del Rey"},"content":{"rendered":"<p>[et_pb_section fb_built=\u00bb1&#8243; admin_label=\u00bbSection-Article\u00bb module_class=\u00bbsection-article\u00bb _builder_version=\u00bb4.16&#8243; custom_margin=\u00bb0px|0px|0px|0px\u00bb custom_padding=\u00bb0px|0px|0px|0px\u00bb global_colors_info=\u00bb{}\u00bb][et_pb_row use_custom_gutter=\u00bbon\u00bb gutter_width=\u00bb1&#8243; admin_label=\u00bbLigne-Article\u00bb module_class=\u00bbligne-article et_pb_row_fullwidth\u00bb _builder_version=\u00bb4.16&#8243; width=\u00bb100%\u00bb width_tablet=\u00bb100%\u00bb width_phone=\u00bb100%\u00bb width_last_edited=\u00bbon|desktop\u00bb max_width=\u00bb100%\u00bb max_width_tablet=\u00bb100%\u00bb max_width_phone=\u00bb100%\u00bb max_width_last_edited=\u00bbon|desktop\u00bb custom_margin=\u00bb0px||0px\u00bb custom_padding=\u00bb0px||0px\u00bb make_fullwidth=\u00bbon\u00bb global_colors_info=\u00bb{}\u00bb][et_pb_column type=\u00bb4_4&#8243; _builder_version=\u00bb4.16&#8243; custom_padding=\u00bb|||\u00bb global_colors_info=\u00bb{}\u00bb custom_padding__hover=\u00bb|||\u00bb][et_pb_text admin_label=\u00bbTexte-Article-23 de diciembre de 1968: Cuando el Ayuntamiento de Pratdip aceptaba en principio hacerse cargo de Planas del Rey\u00bb module_class=\u00bbtxt-article\u00bb _builder_version=\u00bb4.27.4&#8243; text_font=\u00bb|300|||||||\u00bb header_font=\u00bb||||||||\u00bb header_2_font=\u00bb|600|||||||\u00bb header_2_font_size=\u00bb24px\u00bb header_2_line_height=\u00bb1.3em\u00bb header_3_font=\u00bb||||||||\u00bb header_3_font_size=\u00bb24px\u00bb header_3_line_height=\u00bb1.3em\u00bb header_4_font=\u00bb||||||||\u00bb header_4_text_align=\u00bbcenter\u00bb header_4_text_color=\u00bb#840303&#8243; header_4_font_size=\u00bb20px\u00bb header_5_font=\u00bb|600|||||||\u00bb header_5_text_color=\u00bb#840303&#8243; header_5_font_size=\u00bb20px\u00bb header_5_line_height=\u00bb1.7em\u00bb text_line_height_tablet=\u00bb\u00bb text_line_height_phone=\u00bb1.3em\u00bb text_line_height_last_edited=\u00bbon|desktop\u00bb header_2_font_size_tablet=\u00bb\u00bb header_2_font_size_phone=\u00bb23px\u00bb header_2_font_size_last_edited=\u00bbon|phone\u00bb header_2_line_height_phone=\u00bb1.3em\u00bb header_2_line_height_last_edited=\u00bboff|tablet\u00bb header_3_font_size_tablet=\u00bb\u00bb header_3_font_size_phone=\u00bb23px\u00bb header_3_font_size_last_edited=\u00bbon|phone\u00bb header_4_font_size_tablet=\u00bb\u00bb header_4_font_size_phone=\u00bb15px\u00bb header_4_font_size_last_edited=\u00bbon|phone\u00bb header_5_line_height_tablet=\u00bb\u00bb header_5_line_height_phone=\u00bb1.3em\u00bb header_5_line_height_last_edited=\u00bbon|phone\u00bb global_colors_info=\u00bb{}\u00bb]<\/p>\n<p>Un documento oficial recientemente exhumado de los archivos confirma que, ya en 1968, el Ayuntamiento de Pratdip hab\u00eda sido solicitado para integrar la urbanizaci\u00f3n de Planas del Rey, e incluso hab\u00eda dado su acuerdo de principio en ese sentido.<\/p>\n<hr style=\"margin-bottom:30px;\"\/>\n<h2>Una iniciativa colectiva y formal de los propietarios<\/h2>\n<p><span class=\"accentue\">El 8 de agosto de 1968<\/span>, los propietarios de Planas del Rey, reunidos en asamblea general, tomaron una decisi\u00f3n clara: ceder al Ayuntamiento de Pratdip la gesti\u00f3n de las infraestructuras y los servicios p\u00fablicos de la urbanizaci\u00f3n. Esta voluntad concern\u00eda en particular:<\/p>\n<ul>\n<li>Las carreteras y v\u00edas p\u00fablicas<\/li>\n<li>La red de agua potable<\/li>\n<li>El alcantarillado<\/li>\n<li>El alumbrado p\u00fablico<\/li>\n<\/ul>\n<p>Poco despu\u00e9s, el promotor de la \u00e9poca, <span class=\"accentue\">Francisco Lebasque Belloncle<\/span>, respald\u00f3 esta iniciativa por escrito, solicitando oficialmente al ayuntamiento que asumiera la gesti\u00f3n de estas infraestructuras, as\u00ed como otros servicios como la recogida de basuras, la vigilancia y la gesti\u00f3n de las zonas comunes.<\/p>\n<hr style=\"margin-bottom:30px;\"\/>\n<h2>Un acuerdo de principio del Ayuntamiento<\/h2>\n<p>Ante estas solicitudes, el pleno municipal de Pratdip se reuni\u00f3 y, <span class=\"accentue\">el 18 de octubre de 1968<\/span>, decidi\u00f3 <span class=\"accentue\">aceptar en principio<\/span> hacerse cargo de los servicios p\u00fablicos de Planas del Rey. Esta decisi\u00f3n deb\u00eda entrar en vigor <span class=\"accentue\">el 12 de enero de 1969<\/span>, a condici\u00f3n de recibir un dictamen t\u00e9cnico y administrativo del <span class=\"accentue\">Servicio de Inspecci\u00f3n y Asistencia a las Corporaciones Locales de la Provincia<\/span>.<\/p>\n<p>En su carta fechada el <span class=\"accentue\">23 de diciembre de 1968<\/span>, el propio alcalde notific\u00f3 esta decisi\u00f3n a las autoridades competentes y solicit\u00f3 su dictamen oficial.<\/p>\n<hr style=\"margin-bottom:30px;\"\/>\n<h2>Una integraci\u00f3n que qued\u00f3 inconclusa<\/h2>\n<p>Si bien este documento demuestra sin ambig\u00fcedades que las gestiones existieron, tambi\u00e9n subraya un elemento esencial: la aceptaci\u00f3n del ayuntamiento era condicional. Los archivos disponibles no permiten, hasta la fecha, determinar si el dictamen requerido fue favorable, ni si se firm\u00f3 un acta oficial de recepci\u00f3n.<\/p>\n<p>Esta ambig\u00fcedad administrativa, combinada con maniobras pol\u00edticas y la evoluci\u00f3n de la normativa, explica probablemente por qu\u00e9, m\u00e1s de 55 a\u00f1os despu\u00e9s, la urbanizaci\u00f3n sigue en una situaci\u00f3n incierta, ni plenamente integrada ni totalmente abandonada.<\/p>\n<hr style=\"margin-bottom:30px;\"\/>\n<h2>Hechos, no interpretaciones<\/h2>\n<p>Este documento contradice los discursos de algunos que, por ignorancia o por c\u00e1lculo, siguen afirmando que nunca se solicit\u00f3 la integraci\u00f3n o que el ayuntamiento nunca contempl\u00f3 hacerse cargo de Planas del Rey.<\/p>\n<p>M\u00e1s all\u00e1 de las opiniones y las interpretaciones, corresponde ahora a cada uno formarse una opini\u00f3n sobre la base de documentos oficiales, accesibles y verificables.<\/p>\n<p class=\"accentue\">Asociaci\u00f3n de Vecinos Les Planes del Rei (SOS Planas)<\/p>\n<hr style=\"margin-bottom:30px;\"\/>\n<h3 class=\"underline\">Documento original<\/h3>\n<p style=\"padding-top: 30px;\"><a href=\"https:\/\/www.latribunedeplanas.com\/wp-content\/uploads\/2017\/09\/1968-12-23-cession-accord-de-principe-mairie.pdf\" class=\"pdfemb-viewer\" style=\"\" data-width=\"max\" data-height=\"max\" data-mobile-width=\"0\"  data-scrollbar=\"none\" data-download=\"on\" data-tracking=\"on\" data-newwindow=\"on\" data-pagetextbox=\"off\" data-scrolltotop=\"off\" data-startzoom=\"100\" data-startfpzoom=\"100\" data-toolbar=\"top\" data-toolbar-fixed=\"off\">1968-12-23-cession-accord-de-principe-mairie<br\/><\/a><\/p>\n<p>[\/et_pb_text][et_pb_text admin_label=\u00bbTexte-Liens\u00bb module_class=\u00bbtxt-article\u00bb _builder_version=\u00bb4.27.4&#8243; text_font=\u00bb|300|||||||\u00bb text_line_height=\u00bb1.2em\u00bb header_font=\u00bb||||||||\u00bb header_2_font=\u00bb|600|||||||\u00bb header_2_text_color=\u00bb#840303&#8243; header_2_font_size=\u00bb24px\u00bb header_2_line_height=\u00bb1.3em\u00bb header_3_font=\u00bb||||||||\u00bb header_3_font_size=\u00bb24px\u00bb header_3_line_height=\u00bb1.3em\u00bb header_4_font=\u00bb||||||||\u00bb header_4_text_align=\u00bbcenter\u00bb header_4_text_color=\u00bb#840303&#8243; header_4_font_size=\u00bb20px\u00bb header_5_font=\u00bb|600|||||||\u00bb header_5_text_color=\u00bb#840303&#8243; header_5_font_size=\u00bb20px\u00bb header_5_line_height=\u00bb1.7em\u00bb custom_padding=\u00bb30px||||false|false\u00bb hover_enabled=\u00bb0&#8243; text_line_height_tablet=\u00bb\u00bb text_line_height_phone=\u00bb1.2em\u00bb text_line_height_last_edited=\u00bbon|phone\u00bb header_2_font_size_tablet=\u00bb\u00bb header_2_font_size_phone=\u00bb23px\u00bb header_2_font_size_last_edited=\u00bbon|phone\u00bb header_2_line_height_phone=\u00bb1.3em\u00bb header_2_line_height_last_edited=\u00bboff|tablet\u00bb header_3_font_size_tablet=\u00bb\u00bb header_3_font_size_phone=\u00bb23px\u00bb header_3_font_size_last_edited=\u00bbon|phone\u00bb header_4_font_size_tablet=\u00bb\u00bb header_4_font_size_phone=\u00bb15px\u00bb header_4_font_size_last_edited=\u00bbon|phone\u00bb header_5_line_height_tablet=\u00bb\u00bb header_5_line_height_phone=\u00bb1.3em\u00bb header_5_line_height_last_edited=\u00bbon|phone\u00bb locked=\u00bboff\u00bb global_colors_info=\u00bb{}\u00bb sticky_enabled=\u00bb0&#8243;]<a href=\"https:\/\/www.latribunedeplanas.com\/es\/el-promotor-asigna-las-areas-comunes-de-la-urbanizacion-al-ayuntamiento-de-pratdip\/\">-Lee tambi\u00e9n: 1968: El promotor propone ceder Planas al Ayuntamiento\u2026 pero no se har\u00e1 nada<\/a><\/p>\n<p><a href=\"https:\/\/www.latribunedeplanas.com\/es\/la-transferencia-de-la-urbanizacion-no-puede-ser-efectuada-sin-los-estudios-apropiados\/\">-Lee tambi\u00e9n: 28 de diciembre de 1968: Las maniobras que frenaron la integraci\u00f3n de Planas del Rey<\/a><\/p>\n<p><a href=\"https:\/\/www.latribunedeplanas.com\/es\/el-promotor-confirma-la-transferencia-de-las-areas-comunes-de-la-urbanizacion-les-planes-del-rei-al-ayuntamiento-de-pratdip\/\">-Lee tambi\u00e9n: 1977: Cuando el promotor de Planas ofrec\u00eda las infraestructuras al Ayuntamiento de Pratdip<\/a><\/p>\n<p><a href=\"https:\/\/www.latribunedeplanas.com\/es\/creacion-del-eucc-planes-del-rei\/\">-Lee tambi\u00e9n: Planas del Rey: cuando el Ayuntamiento impon\u00eda la creaci\u00f3n de la ECU\u2026 antes de utilizarla como escudo<\/a><\/p>\n<p><a href=\"https:\/\/www.latribunedeplanas.com\/es\/el-tribunal-de-falset-que-obliga-el-ayuntamiento-a-aceptar-la-transferencia-de-las-infraestructuras-comunes-de-planas\/\">-Lee tambi\u00e9n: 1993: La justicia obliga a Lebasque a ceder los bienes comunes de Planas al Ayuntamiento de Pratdip<\/a><\/p>\n<p><a href=\"https:\/\/www.latribunedeplanas.com\/es\/confirmacion-del-sentencia-del-tribunal-de-falset\/\">-Lee tambi\u00e9n: Cuando la justicia suple al promotor: una sentencia olvidada del 29 de octubre de 2001<\/a><\/p>\n<p><a href=\"https:\/\/www.latribunedeplanas.com\/es\/el-abogado-de-la-entidad-confirma-que-las-areas-comunes-estan-registradas-a-nombre-del-ayuntamiento\/\">-Lee tambi\u00e9n: El abogado de la entidad, confirma que las \u00e1reas comunes est\u00e1n registradas a nombre del ayuntamiento<\/a><\/p>\n<p><a href=\"https:\/\/www.latribunedeplanas.com\/es\/el-ayuntamiento-de-pratdip-y-el-eucc-firma-un-convenio-para-que-podemos-obtener-el-usufructo-de-los-espacios-comunes\/\">-Lee tambi\u00e9n: Un convenio firmado entre la ECU y el Ayuntamiento para aclarar la situaci\u00f3n de los terrenos comunes<\/a><\/p>\n<p><a href=\"https:\/\/www.latribunedeplanas.com\/es\/cuando-la-justicia-obliga-al-ayuntamiento-a-reconocer-planas-y-que-pratdip-sigue-haciendo-la-avestruz\/\">-Lee tambi\u00e9n: Cuando la justicia obliga al Ayuntamiento a reconocer Planas&#8230; y que Pratdip sigue haciendo la avestruz<\/a><\/p>\n<p><a href=\"https:\/\/www.latribunedeplanas.com\/es\/sentencia-del-tribunal-superior-de-justicia-de-cataluna\/\">-Lee tambi\u00e9n: La justicia decide: la EUCC de Planas del Rey deb\u00eda disolverse desde 1995<\/a>[\/et_pb_text][\/et_pb_column][\/et_pb_row][\/et_pb_section]<\/p>\n","protected":false},"excerpt":{"rendered":"<p>Un documento oficial recientemente exhumado de los archivos confirma que, ya en 1968, el Ayuntamiento de Pratdip hab\u00eda sido solicitado para integrar la urbanizaci\u00f3n de Planas del Rey, e incluso hab\u00eda dado su acuerdo de principio en ese sentido. Una iniciativa colectiva y formal de los propietarios El 8 de agosto de 1968, los propietarios [&hellip;]<\/p>\n","protected":false},"author":1,"featured_media":8221,"comment_status":"closed","ping_status":"closed","sticky":false,"template":"","format":"standard","meta":{"_et_pb_use_builder":"on","_et_pb_old_content":"","_et_gb_content_width":"","footnotes":""},"categories":[198],"tags":[],"class_list":["post-11218","post","type-post","status-publish","format-standard","has-post-thumbnail","hentry","category-articulos-de-1964-a-1999"],"yoast_head":"<!-- This site is optimized with the Yoast SEO plugin v27.5 - https:\/\/yoast.com\/product\/yoast-seo-wordpress\/ -->\n<title>23 de diciembre de 1968: Cuando el Ayuntamiento de Pratdip aceptaba en principio hacerse cargo de Planas del Rey<\/title>\n<meta name=\"description\" content=\"23 de diciembre de 1968: Cuando el Ayuntamiento de Pratdip aceptaba en principio hacerse cargo de Planas del Rey\" \/>\n<meta name=\"robots\" content=\"index, follow, max-snippet:-1, max-image-preview:large, max-video-preview:-1\" \/>\n<link rel=\"canonical\" href=\"https:\/\/www.latribunedeplanas.com\/es\/el-ayuntamiento-de-pratdip-acepta-recibir-las-areas-comunes-de-la-urbanizacion\/\" \/>\n<meta property=\"og:locale\" content=\"es_ES\" \/>\n<meta property=\"og:type\" content=\"article\" \/>\n<meta property=\"og:title\" content=\"23 de diciembre de 1968: Cuando el Ayuntamiento de Pratdip aceptaba en principio hacerse cargo de Planas del Rey\" \/>\n<meta property=\"og:description\" content=\"23 de diciembre de 1968: Cuando el Ayuntamiento de Pratdip aceptaba en principio hacerse cargo de Planas del Rey\" \/>\n<meta property=\"og:url\" content=\"https:\/\/www.latribunedeplanas.com\/es\/el-ayuntamiento-de-pratdip-acepta-recibir-las-areas-comunes-de-la-urbanizacion\/\" \/>\n<meta property=\"og:site_name\" content=\"La Tribune de Planas\" \/>\n<meta property=\"article:publisher\" content=\"https:\/\/www.facebook.com\/groups\/1220895301376005\/\" \/>\n<meta property=\"article:author\" content=\"https:\/\/www.facebook.com\/Creawebsite-113915200150984\" \/>\n<meta property=\"article:published_time\" content=\"1968-12-23T10:39:07+00:00\" \/>\n<meta property=\"article:modified_time\" content=\"2025-07-14T20:03:28+00:00\" \/>\n<meta property=\"og:image\" content=\"https:\/\/www.latribunedeplanas.com\/wp-content\/uploads\/2017\/09\/yes_but.png\" \/>\n\t<meta property=\"og:image:width\" content=\"600\" \/>\n\t<meta property=\"og:image:height\" content=\"450\" \/>\n\t<meta property=\"og:image:type\" content=\"image\/png\" \/>\n<meta name=\"author\" content=\"Jim\" \/>\n<meta name=\"twitter:card\" content=\"summary_large_image\" \/>\n<meta name=\"twitter:label1\" content=\"Escrito por\" \/>\n\t<meta name=\"twitter:data1\" content=\"Jim\" \/>\n\t<meta name=\"twitter:label2\" content=\"Tiempo de lectura\" \/>\n\t<meta name=\"twitter:data2\" content=\"3 minutos\" \/>\n<script type=\"application\/ld+json\" class=\"yoast-schema-graph\">{\"@context\":\"https:\\\/\\\/schema.org\",\"@graph\":[{\"@type\":\"Article\",\"@id\":\"https:\\\/\\\/www.latribunedeplanas.com\\\/es\\\/el-ayuntamiento-de-pratdip-acepta-recibir-las-areas-comunes-de-la-urbanizacion\\\/#article\",\"isPartOf\":{\"@id\":\"https:\\\/\\\/www.latribunedeplanas.com\\\/es\\\/el-ayuntamiento-de-pratdip-acepta-recibir-las-areas-comunes-de-la-urbanizacion\\\/\"},\"author\":{\"name\":\"Jim\",\"@id\":\"https:\\\/\\\/www.latribunedeplanas.com\\\/es\\\/#\\\/schema\\\/person\\\/590a87318688792f18d8e1c983528bc8\"},\"headline\":\"23 de diciembre de 1968: Cuando el Ayuntamiento de Pratdip aceptaba en principio hacerse cargo de Planas del Rey\",\"datePublished\":\"1968-12-23T10:39:07+00:00\",\"dateModified\":\"2025-07-14T20:03:28+00:00\",\"mainEntityOfPage\":{\"@id\":\"https:\\\/\\\/www.latribunedeplanas.com\\\/es\\\/el-ayuntamiento-de-pratdip-acepta-recibir-las-areas-comunes-de-la-urbanizacion\\\/\"},\"wordCount\":1104,\"publisher\":{\"@id\":\"https:\\\/\\\/www.latribunedeplanas.com\\\/es\\\/#organization\"},\"image\":{\"@id\":\"https:\\\/\\\/www.latribunedeplanas.com\\\/es\\\/el-ayuntamiento-de-pratdip-acepta-recibir-las-areas-comunes-de-la-urbanizacion\\\/#primaryimage\"},\"thumbnailUrl\":\"https:\\\/\\\/www.latribunedeplanas.com\\\/wp-content\\\/uploads\\\/2017\\\/09\\\/yes_but.png\",\"articleSection\":[\"Art\u00edculos de 1964 a 1999\"],\"inLanguage\":\"es\"},{\"@type\":\"WebPage\",\"@id\":\"https:\\\/\\\/www.latribunedeplanas.com\\\/es\\\/el-ayuntamiento-de-pratdip-acepta-recibir-las-areas-comunes-de-la-urbanizacion\\\/\",\"url\":\"https:\\\/\\\/www.latribunedeplanas.com\\\/es\\\/el-ayuntamiento-de-pratdip-acepta-recibir-las-areas-comunes-de-la-urbanizacion\\\/\",\"name\":\"23 de diciembre de 1968: Cuando el Ayuntamiento de Pratdip aceptaba en principio hacerse cargo de Planas del Rey\",\"isPartOf\":{\"@id\":\"https:\\\/\\\/www.latribunedeplanas.com\\\/es\\\/#website\"},\"primaryImageOfPage\":{\"@id\":\"https:\\\/\\\/www.latribunedeplanas.com\\\/es\\\/el-ayuntamiento-de-pratdip-acepta-recibir-las-areas-comunes-de-la-urbanizacion\\\/#primaryimage\"},\"image\":{\"@id\":\"https:\\\/\\\/www.latribunedeplanas.com\\\/es\\\/el-ayuntamiento-de-pratdip-acepta-recibir-las-areas-comunes-de-la-urbanizacion\\\/#primaryimage\"},\"thumbnailUrl\":\"https:\\\/\\\/www.latribunedeplanas.com\\\/wp-content\\\/uploads\\\/2017\\\/09\\\/yes_but.png\",\"datePublished\":\"1968-12-23T10:39:07+00:00\",\"dateModified\":\"2025-07-14T20:03:28+00:00\",\"description\":\"23 de diciembre de 1968: Cuando el Ayuntamiento de Pratdip aceptaba en principio hacerse cargo de Planas del Rey\",\"breadcrumb\":{\"@id\":\"https:\\\/\\\/www.latribunedeplanas.com\\\/es\\\/el-ayuntamiento-de-pratdip-acepta-recibir-las-areas-comunes-de-la-urbanizacion\\\/#breadcrumb\"},\"inLanguage\":\"es\",\"potentialAction\":[{\"@type\":\"ReadAction\",\"target\":[\"https:\\\/\\\/www.latribunedeplanas.com\\\/es\\\/el-ayuntamiento-de-pratdip-acepta-recibir-las-areas-comunes-de-la-urbanizacion\\\/\"]}]},{\"@type\":\"ImageObject\",\"inLanguage\":\"es\",\"@id\":\"https:\\\/\\\/www.latribunedeplanas.com\\\/es\\\/el-ayuntamiento-de-pratdip-acepta-recibir-las-areas-comunes-de-la-urbanizacion\\\/#primaryimage\",\"url\":\"https:\\\/\\\/www.latribunedeplanas.com\\\/wp-content\\\/uploads\\\/2017\\\/09\\\/yes_but.png\",\"contentUrl\":\"https:\\\/\\\/www.latribunedeplanas.com\\\/wp-content\\\/uploads\\\/2017\\\/09\\\/yes_but.png\",\"width\":600,\"height\":450},{\"@type\":\"BreadcrumbList\",\"@id\":\"https:\\\/\\\/www.latribunedeplanas.com\\\/es\\\/el-ayuntamiento-de-pratdip-acepta-recibir-las-areas-comunes-de-la-urbanizacion\\\/#breadcrumb\",\"itemListElement\":[{\"@type\":\"ListItem\",\"position\":1,\"name\":\"Accueil\",\"item\":\"https:\\\/\\\/www.latribunedeplanas.com\\\/es\\\/\"},{\"@type\":\"ListItem\",\"position\":2,\"name\":\"23 de diciembre de 1968: Cuando el Ayuntamiento de Pratdip aceptaba en principio hacerse cargo de Planas del Rey\"}]},{\"@type\":\"WebSite\",\"@id\":\"https:\\\/\\\/www.latribunedeplanas.com\\\/es\\\/#website\",\"url\":\"https:\\\/\\\/www.latribunedeplanas.com\\\/es\\\/\",\"name\":\"La Tribune de Planas\",\"description\":\"Les Planes del Rei - Urbanizaci\u00f3n del municipio de Pratdip\",\"publisher\":{\"@id\":\"https:\\\/\\\/www.latribunedeplanas.com\\\/es\\\/#organization\"},\"potentialAction\":[{\"@type\":\"SearchAction\",\"target\":{\"@type\":\"EntryPoint\",\"urlTemplate\":\"https:\\\/\\\/www.latribunedeplanas.com\\\/es\\\/?s={search_term_string}\"},\"query-input\":{\"@type\":\"PropertyValueSpecification\",\"valueRequired\":true,\"valueName\":\"search_term_string\"}}],\"inLanguage\":\"es\"},{\"@type\":\"Organization\",\"@id\":\"https:\\\/\\\/www.latribunedeplanas.com\\\/es\\\/#organization\",\"name\":\"Vecinos de Planes del Rei (SOSPlanes)\",\"url\":\"https:\\\/\\\/www.latribunedeplanas.com\\\/es\\\/\",\"logo\":{\"@type\":\"ImageObject\",\"inLanguage\":\"es\",\"@id\":\"https:\\\/\\\/www.latribunedeplanas.com\\\/es\\\/#\\\/schema\\\/logo\\\/image\\\/\",\"url\":\"https:\\\/\\\/www.latribunedeplanas.com\\\/wp-content\\\/uploads\\\/2021\\\/11\\\/logo-sos-planas-0.png\",\"contentUrl\":\"https:\\\/\\\/www.latribunedeplanas.com\\\/wp-content\\\/uploads\\\/2021\\\/11\\\/logo-sos-planas-0.png\",\"width\":600,\"height\":400,\"caption\":\"Vecinos de Planes del Rei (SOSPlanes)\"},\"image\":{\"@id\":\"https:\\\/\\\/www.latribunedeplanas.com\\\/es\\\/#\\\/schema\\\/logo\\\/image\\\/\"},\"sameAs\":[\"https:\\\/\\\/www.facebook.com\\\/groups\\\/1220895301376005\\\/\",\"https:\\\/\\\/www.instagram.com\\\/lasplanasdelrey\\\/\"]},{\"@type\":\"Person\",\"@id\":\"https:\\\/\\\/www.latribunedeplanas.com\\\/es\\\/#\\\/schema\\\/person\\\/590a87318688792f18d8e1c983528bc8\",\"name\":\"Jim\",\"image\":{\"@type\":\"ImageObject\",\"inLanguage\":\"es\",\"@id\":\"https:\\\/\\\/secure.gravatar.com\\\/avatar\\\/5a89228fd282eb9ee33a60b4ff06f9c31751866f1fb91ca56263af0968354113?s=96&d=mm&r=g\",\"url\":\"https:\\\/\\\/secure.gravatar.com\\\/avatar\\\/5a89228fd282eb9ee33a60b4ff06f9c31751866f1fb91ca56263af0968354113?s=96&d=mm&r=g\",\"contentUrl\":\"https:\\\/\\\/secure.gravatar.com\\\/avatar\\\/5a89228fd282eb9ee33a60b4ff06f9c31751866f1fb91ca56263af0968354113?s=96&d=mm&r=g\",\"caption\":\"Jim\"},\"sameAs\":[\"https:\\\/\\\/www.creawebsite.be\\\/\",\"https:\\\/\\\/www.facebook.com\\\/Creawebsite-113915200150984\",\"https:\\\/\\\/www.instagram.com\\\/creawebsite.be\\\/\",\"https:\\\/\\\/www.linkedin.com\\\/in\\\/jean-marc-delchef\\\/\"]}]}<\/script>\n<!-- \/ Yoast SEO plugin. -->","yoast_head_json":{"title":"23 de diciembre de 1968: Cuando el Ayuntamiento de Pratdip aceptaba en principio hacerse cargo de Planas del Rey","description":"23 de diciembre de 1968: Cuando el Ayuntamiento de Pratdip aceptaba en principio hacerse cargo de Planas del Rey","robots":{"index":"index","follow":"follow","max-snippet":"max-snippet:-1","max-image-preview":"max-image-preview:large","max-video-preview":"max-video-preview:-1"},"canonical":"https:\/\/www.latribunedeplanas.com\/es\/el-ayuntamiento-de-pratdip-acepta-recibir-las-areas-comunes-de-la-urbanizacion\/","og_locale":"es_ES","og_type":"article","og_title":"23 de diciembre de 1968: Cuando el Ayuntamiento de Pratdip aceptaba en principio hacerse cargo de Planas del Rey","og_description":"23 de diciembre de 1968: Cuando el Ayuntamiento de Pratdip aceptaba en principio hacerse cargo de Planas del Rey","og_url":"https:\/\/www.latribunedeplanas.com\/es\/el-ayuntamiento-de-pratdip-acepta-recibir-las-areas-comunes-de-la-urbanizacion\/","og_site_name":"La Tribune de Planas","article_publisher":"https:\/\/www.facebook.com\/groups\/1220895301376005\/","article_author":"https:\/\/www.facebook.com\/Creawebsite-113915200150984","article_published_time":"1968-12-23T10:39:07+00:00","article_modified_time":"2025-07-14T20:03:28+00:00","og_image":[{"width":600,"height":450,"url":"https:\/\/www.latribunedeplanas.com\/wp-content\/uploads\/2017\/09\/yes_but.png","type":"image\/png"}],"author":"Jim","twitter_card":"summary_large_image","twitter_misc":{"Escrito por":"Jim","Tiempo de lectura":"3 minutos"},"schema":{"@context":"https:\/\/schema.org","@graph":[{"@type":"Article","@id":"https:\/\/www.latribunedeplanas.com\/es\/el-ayuntamiento-de-pratdip-acepta-recibir-las-areas-comunes-de-la-urbanizacion\/#article","isPartOf":{"@id":"https:\/\/www.latribunedeplanas.com\/es\/el-ayuntamiento-de-pratdip-acepta-recibir-las-areas-comunes-de-la-urbanizacion\/"},"author":{"name":"Jim","@id":"https:\/\/www.latribunedeplanas.com\/es\/#\/schema\/person\/590a87318688792f18d8e1c983528bc8"},"headline":"23 de diciembre de 1968: Cuando el Ayuntamiento de Pratdip aceptaba en principio hacerse cargo de Planas del Rey","datePublished":"1968-12-23T10:39:07+00:00","dateModified":"2025-07-14T20:03:28+00:00","mainEntityOfPage":{"@id":"https:\/\/www.latribunedeplanas.com\/es\/el-ayuntamiento-de-pratdip-acepta-recibir-las-areas-comunes-de-la-urbanizacion\/"},"wordCount":1104,"publisher":{"@id":"https:\/\/www.latribunedeplanas.com\/es\/#organization"},"image":{"@id":"https:\/\/www.latribunedeplanas.com\/es\/el-ayuntamiento-de-pratdip-acepta-recibir-las-areas-comunes-de-la-urbanizacion\/#primaryimage"},"thumbnailUrl":"https:\/\/www.latribunedeplanas.com\/wp-content\/uploads\/2017\/09\/yes_but.png","articleSection":["Art\u00edculos de 1964 a 1999"],"inLanguage":"es"},{"@type":"WebPage","@id":"https:\/\/www.latribunedeplanas.com\/es\/el-ayuntamiento-de-pratdip-acepta-recibir-las-areas-comunes-de-la-urbanizacion\/","url":"https:\/\/www.latribunedeplanas.com\/es\/el-ayuntamiento-de-pratdip-acepta-recibir-las-areas-comunes-de-la-urbanizacion\/","name":"23 de diciembre de 1968: Cuando el Ayuntamiento de Pratdip aceptaba en principio hacerse cargo de Planas del Rey","isPartOf":{"@id":"https:\/\/www.latribunedeplanas.com\/es\/#website"},"primaryImageOfPage":{"@id":"https:\/\/www.latribunedeplanas.com\/es\/el-ayuntamiento-de-pratdip-acepta-recibir-las-areas-comunes-de-la-urbanizacion\/#primaryimage"},"image":{"@id":"https:\/\/www.latribunedeplanas.com\/es\/el-ayuntamiento-de-pratdip-acepta-recibir-las-areas-comunes-de-la-urbanizacion\/#primaryimage"},"thumbnailUrl":"https:\/\/www.latribunedeplanas.com\/wp-content\/uploads\/2017\/09\/yes_but.png","datePublished":"1968-12-23T10:39:07+00:00","dateModified":"2025-07-14T20:03:28+00:00","description":"23 de diciembre de 1968: Cuando el Ayuntamiento de Pratdip aceptaba en principio hacerse cargo de Planas del Rey","breadcrumb":{"@id":"https:\/\/www.latribunedeplanas.com\/es\/el-ayuntamiento-de-pratdip-acepta-recibir-las-areas-comunes-de-la-urbanizacion\/#breadcrumb"},"inLanguage":"es","potentialAction":[{"@type":"ReadAction","target":["https:\/\/www.latribunedeplanas.com\/es\/el-ayuntamiento-de-pratdip-acepta-recibir-las-areas-comunes-de-la-urbanizacion\/"]}]},{"@type":"ImageObject","inLanguage":"es","@id":"https:\/\/www.latribunedeplanas.com\/es\/el-ayuntamiento-de-pratdip-acepta-recibir-las-areas-comunes-de-la-urbanizacion\/#primaryimage","url":"https:\/\/www.latribunedeplanas.com\/wp-content\/uploads\/2017\/09\/yes_but.png","contentUrl":"https:\/\/www.latribunedeplanas.com\/wp-content\/uploads\/2017\/09\/yes_but.png","width":600,"height":450},{"@type":"BreadcrumbList","@id":"https:\/\/www.latribunedeplanas.com\/es\/el-ayuntamiento-de-pratdip-acepta-recibir-las-areas-comunes-de-la-urbanizacion\/#breadcrumb","itemListElement":[{"@type":"ListItem","position":1,"name":"Accueil","item":"https:\/\/www.latribunedeplanas.com\/es\/"},{"@type":"ListItem","position":2,"name":"23 de diciembre de 1968: Cuando el Ayuntamiento de Pratdip aceptaba en principio hacerse cargo de Planas del Rey"}]},{"@type":"WebSite","@id":"https:\/\/www.latribunedeplanas.com\/es\/#website","url":"https:\/\/www.latribunedeplanas.com\/es\/","name":"La Tribune de Planas","description":"Les Planes del Rei - Urbanizaci\u00f3n del municipio de Pratdip","publisher":{"@id":"https:\/\/www.latribunedeplanas.com\/es\/#organization"},"potentialAction":[{"@type":"SearchAction","target":{"@type":"EntryPoint","urlTemplate":"https:\/\/www.latribunedeplanas.com\/es\/?s={search_term_string}"},"query-input":{"@type":"PropertyValueSpecification","valueRequired":true,"valueName":"search_term_string"}}],"inLanguage":"es"},{"@type":"Organization","@id":"https:\/\/www.latribunedeplanas.com\/es\/#organization","name":"Vecinos de Planes del Rei (SOSPlanes)","url":"https:\/\/www.latribunedeplanas.com\/es\/","logo":{"@type":"ImageObject","inLanguage":"es","@id":"https:\/\/www.latribunedeplanas.com\/es\/#\/schema\/logo\/image\/","url":"https:\/\/www.latribunedeplanas.com\/wp-content\/uploads\/2021\/11\/logo-sos-planas-0.png","contentUrl":"https:\/\/www.latribunedeplanas.com\/wp-content\/uploads\/2021\/11\/logo-sos-planas-0.png","width":600,"height":400,"caption":"Vecinos de Planes del Rei (SOSPlanes)"},"image":{"@id":"https:\/\/www.latribunedeplanas.com\/es\/#\/schema\/logo\/image\/"},"sameAs":["https:\/\/www.facebook.com\/groups\/1220895301376005\/","https:\/\/www.instagram.com\/lasplanasdelrey\/"]},{"@type":"Person","@id":"https:\/\/www.latribunedeplanas.com\/es\/#\/schema\/person\/590a87318688792f18d8e1c983528bc8","name":"Jim","image":{"@type":"ImageObject","inLanguage":"es","@id":"https:\/\/secure.gravatar.com\/avatar\/5a89228fd282eb9ee33a60b4ff06f9c31751866f1fb91ca56263af0968354113?s=96&d=mm&r=g","url":"https:\/\/secure.gravatar.com\/avatar\/5a89228fd282eb9ee33a60b4ff06f9c31751866f1fb91ca56263af0968354113?s=96&d=mm&r=g","contentUrl":"https:\/\/secure.gravatar.com\/avatar\/5a89228fd282eb9ee33a60b4ff06f9c31751866f1fb91ca56263af0968354113?s=96&d=mm&r=g","caption":"Jim"},"sameAs":["https:\/\/www.creawebsite.be\/","https:\/\/www.facebook.com\/Creawebsite-113915200150984","https:\/\/www.instagram.com\/creawebsite.be\/","https:\/\/www.linkedin.com\/in\/jean-marc-delchef\/"]}]}},"_links":{"self":[{"href":"https:\/\/www.latribunedeplanas.com\/es\/wp-json\/wp\/v2\/posts\/11218","targetHints":{"allow":["GET"]}}],"collection":[{"href":"https:\/\/www.latribunedeplanas.com\/es\/wp-json\/wp\/v2\/posts"}],"about":[{"href":"https:\/\/www.latribunedeplanas.com\/es\/wp-json\/wp\/v2\/types\/post"}],"author":[{"embeddable":true,"href":"https:\/\/www.latribunedeplanas.com\/es\/wp-json\/wp\/v2\/users\/1"}],"replies":[{"embeddable":true,"href":"https:\/\/www.latribunedeplanas.com\/es\/wp-json\/wp\/v2\/comments?post=11218"}],"version-history":[{"count":1,"href":"https:\/\/www.latribunedeplanas.com\/es\/wp-json\/wp\/v2\/posts\/11218\/revisions"}],"predecessor-version":[{"id":25042,"href":"https:\/\/www.latribunedeplanas.com\/es\/wp-json\/wp\/v2\/posts\/11218\/revisions\/25042"}],"wp:featuredmedia":[{"embeddable":true,"href":"https:\/\/www.latribunedeplanas.com\/es\/wp-json\/wp\/v2\/media\/8221"}],"wp:attachment":[{"href":"https:\/\/www.latribunedeplanas.com\/es\/wp-json\/wp\/v2\/media?parent=11218"}],"wp:term":[{"taxonomy":"category","embeddable":true,"href":"https:\/\/www.latribunedeplanas.com\/es\/wp-json\/wp\/v2\/categories?post=11218"},{"taxonomy":"post_tag","embeddable":true,"href":"https:\/\/www.latribunedeplanas.com\/es\/wp-json\/wp\/v2\/tags?post=11218"}],"curies":[{"name":"wp","href":"https:\/\/api.w.org\/{rel}","templated":true}]}}