{"id":10901,"date":"2018-02-04T11:32:58","date_gmt":"2018-02-04T10:32:58","guid":{"rendered":"https:\/\/www.latribunedeplanas.com\/monsieur-le-maire-vous-faites-fausse-route\/"},"modified":"2025-07-22T22:33:28","modified_gmt":"2025-07-22T20:33:28","slug":"sr-alcalde-esta-en-el-camino-equivocado","status":"publish","type":"post","link":"https:\/\/www.latribunedeplanas.com\/es\/sr-alcalde-esta-en-el-camino-equivocado\/","title":{"rendered":"\u00a1Sr.Alcalde, est\u00e1 en el camino equivocado!"},"content":{"rendered":"<p>[et_pb_section fb_built=\u00bb1&#8243; admin_label=\u00bbSection-Article\u00bb module_class=\u00bbsection-article\u00bb _builder_version=\u00bb4.16&#8243; custom_margin=\u00bb0px|0px|0px|0px\u00bb custom_padding=\u00bb0px|0px|0px|0px\u00bb global_colors_info=\u00bb{}\u00bb][et_pb_row use_custom_gutter=\u00bbon\u00bb gutter_width=\u00bb1&#8243; admin_label=\u00bbLigne-Article\u00bb module_class=\u00bbligne-article et_pb_row_fullwidth\u00bb _builder_version=\u00bb4.16&#8243; width=\u00bb100%\u00bb width_tablet=\u00bb100%\u00bb width_last_edited=\u00bbon|desktop\u00bb max_width=\u00bb100%\u00bb max_width_tablet=\u00bb100%\u00bb max_width_last_edited=\u00bbon|desktop\u00bb custom_margin=\u00bb0px||0px\u00bb custom_padding=\u00bb0px||0px\u00bb make_fullwidth=\u00bbon\u00bb global_colors_info=\u00bb{}\u00bb width_phone=\u00bb100%\u00bb max_width_phone=\u00bb100%\u00bb][et_pb_column type=\u00bb4_4&#8243; _builder_version=\u00bb4.16&#8243; custom_padding=\u00bb|||\u00bb global_colors_info=\u00bb{}\u00bb custom_padding__hover=\u00bb|||\u00bb][et_pb_text admin_label=\u00bbTexte-Article-Sr.Alcalde, est\u00e1 en el camino equivocado\u00bb module_class=\u00bbtxt-article\u00bb _builder_version=\u00bb4.27.4&#8243; text_font=\u00bb|300|||||||\u00bb header_font=\u00bb||||||||\u00bb header_2_font=\u00bb|600|||||||\u00bb header_2_line_height=\u00bb1.3em\u00bb header_3_font=\u00bb||||||||\u00bb header_3_font_size=\u00bb24px\u00bb header_3_line_height=\u00bb1.3em\u00bb header_4_font=\u00bb||||||||\u00bb header_4_text_align=\u00bbcenter\u00bb header_4_text_color=\u00bb#840303&#8243; header_4_font_size=\u00bb20px\u00bb header_5_font=\u00bb|600|||||||\u00bb header_5_text_color=\u00bb#840303&#8243; header_5_font_size=\u00bb20px\u00bb header_5_line_height=\u00bb1.7em\u00bb hover_enabled=\u00bb0&#8243; text_line_height_tablet=\u00bb\u00bb text_line_height_phone=\u00bb1.3em\u00bb text_line_height_last_edited=\u00bbon|desktop\u00bb header_2_font_size_tablet=\u00bb\u00bb header_2_font_size_phone=\u00bb23px\u00bb header_2_font_size_last_edited=\u00bbon|phone\u00bb header_2_line_height_phone=\u00bb1.3em\u00bb header_2_line_height_last_edited=\u00bboff|tablet\u00bb header_3_font_size_tablet=\u00bb\u00bb header_3_font_size_phone=\u00bb23px\u00bb header_3_font_size_last_edited=\u00bbon|phone\u00bb header_4_font_size_tablet=\u00bb\u00bb header_4_font_size_phone=\u00bb15px\u00bb header_4_font_size_last_edited=\u00bbon|phone\u00bb header_5_line_height_tablet=\u00bb\u00bb header_5_line_height_phone=\u00bb1.3em\u00bb header_5_line_height_last_edited=\u00bbon|phone\u00bb global_colors_info=\u00bb{}\u00bb sticky_enabled=\u00bb0&#8243;]<\/p>\n<p class=\"accentue\">Una realidad jur\u00eddica incontestable<\/p>\n<p>La situaci\u00f3n que usted plantea en su decreto del 2 de enero de 2018 ya no es legalmente posible desde la <span class=\"accentue\">sentencia del Tribunal Superior de Justicia de Catalu\u00f1a (TSJC) del 21 de julio de 2016<\/span>.<\/p>\n<p>En esta decisi\u00f3n, los jueces de Barcelona, bas\u00e1ndose en el <span class=\"accentue\">Decreto Legislativo 1\/1990 del 13 de julio de 1990<\/span>, recuerdan una norma fundamental:<\/p>\n<blockquote><p>\n\u00abLa obligaci\u00f3n de conservaci\u00f3n y mantenimiento de la urbanizaci\u00f3n impuesta a los propietarios debe durar el tiempo previsto, que no puede superar los cinco a\u00f1os. Durante ese per\u00edodo, el ayuntamiento debe adoptar las medidas para el desarrollo de la urbanizaci\u00f3n o los impuestos para poder asumir, una vez pasados los cinco a\u00f1os, los gastos imputados temporalmente a los propietarios.\u00bb\n<\/p><\/blockquote>\n<p>Y concluyen:<\/p>\n<blockquote><p>\n\u00abPor tanto, con la entrada en vigor del Decreto Legislativo 1\/1990 en la fecha de su publicaci\u00f3n en el DOGC, el 13 de julio de 1990, la obligaci\u00f3n de conservaci\u00f3n no pod\u00eda prorrogarse m\u00e1s all\u00e1 de cinco a\u00f1os, per\u00edodo que ya ha sido ampliamente superado [\u2026]. Por ello, es necesario estimar el recurso contencioso-administrativo en lo que respecta a la solicitud de disoluci\u00f3n de la Entidad Urban\u00edstica Colaboradora de Conservaci\u00f3n (EUCC).\u00bb\n<\/p><\/blockquote>\n<p>A\u00f1aden:<\/p>\n<blockquote><p>\n\u00abEs necesario <span class=\"accentue\">declarar la disoluci\u00f3n<\/span> de dicha EUCC.\u00bb\n<\/p><\/blockquote>\n<p class=\"accentue\">\u00a1La EUCC, se acab\u00f3!<\/p>\n<p>Desde el <span class=\"accentue\">21 de julio de 2016<\/span>, la EUCC est\u00e1 <span class=\"accentue\">legalmente disuelta<\/span>. Ha sido transformada en una <span class=\"accentue\">entidad de liquidaci\u00f3n<\/span>, como confirm\u00f3 el juez de Tarragona en su auto del 12 de diciembre de 2017.<\/p>\n<p><span class=\"accentue\">Ya no puede ejercer<\/span> ninguna funci\u00f3n de conservaci\u00f3n ni de mantenimiento.<\/p>\n<p>Y dado que la EUCC era una <span class=\"accentue\">entidad administrativa dependiente del Ayuntamiento<\/span>, <span class=\"accentue\">ahora recae en la tutela municipal, es decir, en usted, se\u00f1or Alcalde de Pratdip<\/span>, la carga y la responsabilidad de <span class=\"accentue\">los servicios m\u00ednimos<\/span>.<\/p>\n<hr style=\"margin-bottom:30px;\"\/>\n<h2>No, Planas del Rey no es una urbanizaci\u00f3n privada<\/h2>\n<p>Usted afirma por todas partes que Planas del Rey es una urbanizaci\u00f3n privada. Pero <span class=\"accentue\">\u00bfd\u00f3nde est\u00e1 escrito eso?<\/span><\/p>\n<p>En el <span class=\"accentue\">expediente de apelaci\u00f3n que el Ayuntamiento present\u00f3 ante el TSJC<\/span>, en ning\u00fan momento se menciona esta supuesta \u201curbanizaci\u00f3n privada\u201d. Si hubiese sido el caso, usted podr\u00eda haberse apoyado en ese argumento para ganar el juicio. No lo hizo, porque <span class=\"accentue\">no pod\u00eda hacerlo<\/span>.<\/p>\n<p><span class=\"accentue\">\u00bfPor qu\u00e9? Porque Planas del Rey no es una urbanizaci\u00f3n privada.<\/span><\/p>\n<hr style=\"margin-bottom:30px;\"\/>\n<h2>Cuarenta y cinco a\u00f1os de inacci\u00f3n municipal<\/h2>\n<p><span class=\"accentue\">De 1970 a 1993<\/span>, el Ayuntamiento de Pratdip tuvo <span class=\"accentue\">23 a\u00f1os<\/span> para resolver la situaci\u00f3n de Planas del Rey.<\/p>\n<p><span class=\"accentue\">De 1993 a 2016<\/span>, fueron <span class=\"accentue\">otros 23 a\u00f1os<\/span> durante los cuales <span class=\"accentue\">los residentes continuaron pagando<\/span> cuotas indebidas a una entidad ya ileg\u00edtima.<\/p>\n<p>Tomemos un ejemplo: por una <span class=\"accentue\">parcela de 1.000 m\u00b2<\/span>, un residente de Planas pag\u00f3 aproximadamente <span class=\"accentue\">19.000 \u20ac m\u00e1s<\/span> que un habitante de Pratdip. Esto no es solo injusto. <span class=\"accentue\">Es una discriminaci\u00f3n<\/span>.<\/p>\n<hr style=\"margin-bottom:30px;\"\/>\n<h2>Una discriminaci\u00f3n contraria al derecho europeo<\/h2>\n<p>Cuando Espa\u00f1a ingres\u00f3 en la Uni\u00f3n Europea, incorpor\u00f3 a su legislaci\u00f3n <span class=\"accentue\">la prohibici\u00f3n de la doble imposici\u00f3n<\/span>, un principio fundamental de las democracias europeas.<\/p>\n<p>No se puede gravar de manera diferente a un ciudadano <span class=\"accentue\">franc\u00e9s, belga, neerland\u00e9s, alem\u00e1n o espa\u00f1ol<\/span>, en funci\u00f3n del lugar exacto donde vive dentro de un mismo municipio.<\/p>\n<p>Esto tiene un nombre: <span class=\"accentue\">discriminaci\u00f3n<\/span>.<\/p>\n<p>Y si, contra todo pron\u00f3stico, <span class=\"accentue\">el Estado espa\u00f1ol permaneciera impotente<\/span> para hacer cumplir sus propias leyes y las sentencias de sus tribunales superiores, entonces <span class=\"accentue\">llevar\u00edamos el asunto ante el Tribunal Europeo de Derechos Humanos<\/span>.<\/p>\n<p>Y en ese caso, <span class=\"accentue\">Espa\u00f1a ser\u00eda condenada<\/span>.<\/p>\n<hr style=\"margin-bottom:30px;\"\/>\n<h2>Es hora de respetar la ley<\/h2>\n<p>Se\u00f1or Alcalde, <span class=\"accentue\">Pratdip no es un principado<\/span>, no es ni Andorra ni M\u00f3naco. Es un municipio situado en <span class=\"accentue\">Catalu\u00f1a, en Espa\u00f1a, dentro de la Uni\u00f3n Europea<\/span>.<\/p>\n<p>En 2018, <span class=\"accentue\">existen leyes en este pa\u00eds<\/span>, y sentencias dictadas por los tribunales. <span class=\"accentue\">El Ayuntamiento de Pratdip, como cualquier ciudadano o instituci\u00f3n, debe acatarlas<\/span>.<\/p>\n<p class=\"accentue\">G\u00e9rard Marais<br \/>Asociaci\u00f3n de Vecinos Les Planes del Rei (SOS Planas)<\/p>\n<p>[\/et_pb_text][et_pb_text admin_label=\u00bbTexte-Lien\u00bb module_class=\u00bbtxt-article\u00bb _builder_version=\u00bb4.27.4&#8243; text_font=\u00bb|300|||||||\u00bb header_font=\u00bb||||||||\u00bb header_2_line_height=\u00bb1.2em\u00bb header_3_font=\u00bb||||||||\u00bb header_3_line_height=\u00bb1.3em\u00bb header_4_text_align=\u00bbcenter\u00bb custom_padding=\u00bb30px||||false|false\u00bb hover_enabled=\u00bb0&#8243; text_line_height_tablet=\u00bb\u00bb text_line_height_phone=\u00bb1.3em\u00bb text_line_height_last_edited=\u00bbon|desktop\u00bb header_2_font_size_tablet=\u00bb\u00bb header_2_font_size_phone=\u00bb\u00bb header_2_font_size_last_edited=\u00bbon|phone\u00bb header_3_font_size_tablet=\u00bb\u00bb header_3_font_size_phone=\u00bb23px\u00bb header_3_font_size_last_edited=\u00bbon|desktop\u00bb global_colors_info=\u00bb{}\u00bb locked=\u00bboff\u00bb sticky_enabled=\u00bb0&#8243;]<\/p>\n<p><a href=\"https:\/\/www.latribunedeplanas.com\/es\/sentencia-del-tribunal-superior-de-justicia-de-cataluna\/\">-Lee tambi\u00e9n: La justicia decide: la ECU de Planas del Rey deb\u00eda disolverse desde 1995<\/a><\/p>\n<p><a href=\"https:\/\/www.latribunedeplanas.com\/wp-content\/uploads\/2018\/02\/2018-01-31-courrier-mairie-decret-2-2018.pdf\" target=\"_blank\" rel=\"noopener noreferrer\">-Lee tambi\u00e9n: Decreto 2\/2018 del Ayuntamiento de Pratdip (Catal\u00e1n)<\/a><\/p>\n<p>[\/et_pb_text][\/et_pb_column][\/et_pb_row][\/et_pb_section]<\/p>\n","protected":false},"excerpt":{"rendered":"<p>Una realidad jur\u00eddica incontestable La situaci\u00f3n que usted plantea en su decreto del 2 de enero de 2018 ya no es legalmente posible desde la sentencia del Tribunal Superior de Justicia de Catalu\u00f1a (TSJC) del 21 de julio de 2016. En esta decisi\u00f3n, los jueces de Barcelona, bas\u00e1ndose en el Decreto Legislativo 1\/1990 del 13 [&hellip;]<\/p>\n","protected":false},"author":1,"featured_media":10915,"comment_status":"closed","ping_status":"closed","sticky":false,"template":"","format":"standard","meta":{"_et_pb_use_builder":"on","_et_pb_old_content":"","_et_gb_content_width":"","footnotes":""},"categories":[200],"tags":[],"class_list":["post-10901","post","type-post","status-publish","format-standard","has-post-thumbnail","hentry","category-articulos-de-2015-a-2018"],"yoast_head":"<!-- This site is optimized with the Yoast SEO plugin v27.5 - https:\/\/yoast.com\/product\/yoast-seo-wordpress\/ -->\n<title>\u00a1Sr.Alcalde, est\u00e1 en el camino equivocado!<\/title>\n<meta name=\"description\" content=\"Desde 2016, la EUCC est\u00e1 disuelta. El Ayuntamiento de Pratdip debe asumir sus obligaciones legales en Planas del Rey. Basta de discriminaci\u00f3n.\" \/>\n<meta name=\"robots\" content=\"index, follow, max-snippet:-1, max-image-preview:large, max-video-preview:-1\" \/>\n<link rel=\"canonical\" href=\"https:\/\/www.latribunedeplanas.com\/es\/sr-alcalde-esta-en-el-camino-equivocado\/\" \/>\n<meta property=\"og:locale\" content=\"es_ES\" \/>\n<meta property=\"og:type\" content=\"article\" \/>\n<meta property=\"og:title\" content=\"\u00a1Sr.Alcalde, est\u00e1 en el camino equivocado!\" \/>\n<meta property=\"og:description\" content=\"Desde 2016, la EUCC est\u00e1 disuelta. El Ayuntamiento de Pratdip debe asumir sus obligaciones legales en Planas del Rey. Basta de discriminaci\u00f3n.\" \/>\n<meta property=\"og:url\" content=\"https:\/\/www.latribunedeplanas.com\/es\/sr-alcalde-esta-en-el-camino-equivocado\/\" \/>\n<meta property=\"og:site_name\" content=\"La Tribune de Planas\" \/>\n<meta property=\"article:publisher\" content=\"https:\/\/www.facebook.com\/groups\/1220895301376005\/\" \/>\n<meta property=\"article:author\" content=\"https:\/\/www.facebook.com\/Creawebsite-113915200150984\" \/>\n<meta property=\"article:published_time\" content=\"2018-02-04T10:32:58+00:00\" \/>\n<meta property=\"article:modified_time\" content=\"2025-07-22T20:33:28+00:00\" \/>\n<meta property=\"og:image\" content=\"https:\/\/www.latribunedeplanas.com\/wp-content\/uploads\/2018\/02\/404.jpg\" \/>\n\t<meta property=\"og:image:width\" content=\"540\" \/>\n\t<meta property=\"og:image:height\" content=\"350\" \/>\n\t<meta property=\"og:image:type\" content=\"image\/jpeg\" \/>\n<meta name=\"author\" content=\"Jim\" \/>\n<meta name=\"twitter:card\" content=\"summary_large_image\" \/>\n<meta name=\"twitter:label1\" content=\"Escrito por\" \/>\n\t<meta name=\"twitter:data1\" content=\"Jim\" \/>\n\t<meta name=\"twitter:label2\" content=\"Tiempo de lectura\" \/>\n\t<meta name=\"twitter:data2\" content=\"3 minutos\" \/>\n<script type=\"application\/ld+json\" class=\"yoast-schema-graph\">{\"@context\":\"https:\\\/\\\/schema.org\",\"@graph\":[{\"@type\":\"Article\",\"@id\":\"https:\\\/\\\/www.latribunedeplanas.com\\\/es\\\/sr-alcalde-esta-en-el-camino-equivocado\\\/#article\",\"isPartOf\":{\"@id\":\"https:\\\/\\\/www.latribunedeplanas.com\\\/es\\\/sr-alcalde-esta-en-el-camino-equivocado\\\/\"},\"author\":{\"name\":\"Jim\",\"@id\":\"https:\\\/\\\/www.latribunedeplanas.com\\\/es\\\/#\\\/schema\\\/person\\\/590a87318688792f18d8e1c983528bc8\"},\"headline\":\"\u00a1Sr.Alcalde, est\u00e1 en el camino equivocado!\",\"datePublished\":\"2018-02-04T10:32:58+00:00\",\"dateModified\":\"2025-07-22T20:33:28+00:00\",\"mainEntityOfPage\":{\"@id\":\"https:\\\/\\\/www.latribunedeplanas.com\\\/es\\\/sr-alcalde-esta-en-el-camino-equivocado\\\/\"},\"wordCount\":1068,\"publisher\":{\"@id\":\"https:\\\/\\\/www.latribunedeplanas.com\\\/es\\\/#organization\"},\"image\":{\"@id\":\"https:\\\/\\\/www.latribunedeplanas.com\\\/es\\\/sr-alcalde-esta-en-el-camino-equivocado\\\/#primaryimage\"},\"thumbnailUrl\":\"https:\\\/\\\/www.latribunedeplanas.com\\\/wp-content\\\/uploads\\\/2018\\\/02\\\/404.jpg\",\"articleSection\":[\"Art\u00edculos de 2015 a 2018\"],\"inLanguage\":\"es\"},{\"@type\":\"WebPage\",\"@id\":\"https:\\\/\\\/www.latribunedeplanas.com\\\/es\\\/sr-alcalde-esta-en-el-camino-equivocado\\\/\",\"url\":\"https:\\\/\\\/www.latribunedeplanas.com\\\/es\\\/sr-alcalde-esta-en-el-camino-equivocado\\\/\",\"name\":\"\u00a1Sr.Alcalde, est\u00e1 en el camino equivocado!\",\"isPartOf\":{\"@id\":\"https:\\\/\\\/www.latribunedeplanas.com\\\/es\\\/#website\"},\"primaryImageOfPage\":{\"@id\":\"https:\\\/\\\/www.latribunedeplanas.com\\\/es\\\/sr-alcalde-esta-en-el-camino-equivocado\\\/#primaryimage\"},\"image\":{\"@id\":\"https:\\\/\\\/www.latribunedeplanas.com\\\/es\\\/sr-alcalde-esta-en-el-camino-equivocado\\\/#primaryimage\"},\"thumbnailUrl\":\"https:\\\/\\\/www.latribunedeplanas.com\\\/wp-content\\\/uploads\\\/2018\\\/02\\\/404.jpg\",\"datePublished\":\"2018-02-04T10:32:58+00:00\",\"dateModified\":\"2025-07-22T20:33:28+00:00\",\"description\":\"Desde 2016, la EUCC est\u00e1 disuelta. El Ayuntamiento de Pratdip debe asumir sus obligaciones legales en Planas del Rey. Basta de discriminaci\u00f3n.\",\"breadcrumb\":{\"@id\":\"https:\\\/\\\/www.latribunedeplanas.com\\\/es\\\/sr-alcalde-esta-en-el-camino-equivocado\\\/#breadcrumb\"},\"inLanguage\":\"es\",\"potentialAction\":[{\"@type\":\"ReadAction\",\"target\":[\"https:\\\/\\\/www.latribunedeplanas.com\\\/es\\\/sr-alcalde-esta-en-el-camino-equivocado\\\/\"]}]},{\"@type\":\"ImageObject\",\"inLanguage\":\"es\",\"@id\":\"https:\\\/\\\/www.latribunedeplanas.com\\\/es\\\/sr-alcalde-esta-en-el-camino-equivocado\\\/#primaryimage\",\"url\":\"https:\\\/\\\/www.latribunedeplanas.com\\\/wp-content\\\/uploads\\\/2018\\\/02\\\/404.jpg\",\"contentUrl\":\"https:\\\/\\\/www.latribunedeplanas.com\\\/wp-content\\\/uploads\\\/2018\\\/02\\\/404.jpg\",\"width\":540,\"height\":350,\"caption\":\"planas de rey-pratdip-404\"},{\"@type\":\"BreadcrumbList\",\"@id\":\"https:\\\/\\\/www.latribunedeplanas.com\\\/es\\\/sr-alcalde-esta-en-el-camino-equivocado\\\/#breadcrumb\",\"itemListElement\":[{\"@type\":\"ListItem\",\"position\":1,\"name\":\"Accueil\",\"item\":\"https:\\\/\\\/www.latribunedeplanas.com\\\/es\\\/\"},{\"@type\":\"ListItem\",\"position\":2,\"name\":\"\u00a1Sr.Alcalde, est\u00e1 en el camino equivocado!\"}]},{\"@type\":\"WebSite\",\"@id\":\"https:\\\/\\\/www.latribunedeplanas.com\\\/es\\\/#website\",\"url\":\"https:\\\/\\\/www.latribunedeplanas.com\\\/es\\\/\",\"name\":\"La Tribune de Planas\",\"description\":\"Les Planes del Rei - Urbanizaci\u00f3n del municipio de Pratdip\",\"publisher\":{\"@id\":\"https:\\\/\\\/www.latribunedeplanas.com\\\/es\\\/#organization\"},\"potentialAction\":[{\"@type\":\"SearchAction\",\"target\":{\"@type\":\"EntryPoint\",\"urlTemplate\":\"https:\\\/\\\/www.latribunedeplanas.com\\\/es\\\/?s={search_term_string}\"},\"query-input\":{\"@type\":\"PropertyValueSpecification\",\"valueRequired\":true,\"valueName\":\"search_term_string\"}}],\"inLanguage\":\"es\"},{\"@type\":\"Organization\",\"@id\":\"https:\\\/\\\/www.latribunedeplanas.com\\\/es\\\/#organization\",\"name\":\"Vecinos de Planes del Rei (SOSPlanes)\",\"url\":\"https:\\\/\\\/www.latribunedeplanas.com\\\/es\\\/\",\"logo\":{\"@type\":\"ImageObject\",\"inLanguage\":\"es\",\"@id\":\"https:\\\/\\\/www.latribunedeplanas.com\\\/es\\\/#\\\/schema\\\/logo\\\/image\\\/\",\"url\":\"https:\\\/\\\/www.latribunedeplanas.com\\\/wp-content\\\/uploads\\\/2021\\\/11\\\/logo-sos-planas-0.png\",\"contentUrl\":\"https:\\\/\\\/www.latribunedeplanas.com\\\/wp-content\\\/uploads\\\/2021\\\/11\\\/logo-sos-planas-0.png\",\"width\":600,\"height\":400,\"caption\":\"Vecinos de Planes del Rei (SOSPlanes)\"},\"image\":{\"@id\":\"https:\\\/\\\/www.latribunedeplanas.com\\\/es\\\/#\\\/schema\\\/logo\\\/image\\\/\"},\"sameAs\":[\"https:\\\/\\\/www.facebook.com\\\/groups\\\/1220895301376005\\\/\",\"https:\\\/\\\/www.instagram.com\\\/lasplanasdelrey\\\/\"]},{\"@type\":\"Person\",\"@id\":\"https:\\\/\\\/www.latribunedeplanas.com\\\/es\\\/#\\\/schema\\\/person\\\/590a87318688792f18d8e1c983528bc8\",\"name\":\"Jim\",\"image\":{\"@type\":\"ImageObject\",\"inLanguage\":\"es\",\"@id\":\"https:\\\/\\\/secure.gravatar.com\\\/avatar\\\/5a89228fd282eb9ee33a60b4ff06f9c31751866f1fb91ca56263af0968354113?s=96&d=mm&r=g\",\"url\":\"https:\\\/\\\/secure.gravatar.com\\\/avatar\\\/5a89228fd282eb9ee33a60b4ff06f9c31751866f1fb91ca56263af0968354113?s=96&d=mm&r=g\",\"contentUrl\":\"https:\\\/\\\/secure.gravatar.com\\\/avatar\\\/5a89228fd282eb9ee33a60b4ff06f9c31751866f1fb91ca56263af0968354113?s=96&d=mm&r=g\",\"caption\":\"Jim\"},\"sameAs\":[\"https:\\\/\\\/www.creawebsite.be\\\/\",\"https:\\\/\\\/www.facebook.com\\\/Creawebsite-113915200150984\",\"https:\\\/\\\/www.instagram.com\\\/creawebsite.be\\\/\",\"https:\\\/\\\/www.linkedin.com\\\/in\\\/jean-marc-delchef\\\/\"]}]}<\/script>\n<!-- \/ Yoast SEO plugin. -->","yoast_head_json":{"title":"\u00a1Sr.Alcalde, est\u00e1 en el camino equivocado!","description":"Desde 2016, la EUCC est\u00e1 disuelta. El Ayuntamiento de Pratdip debe asumir sus obligaciones legales en Planas del Rey. Basta de discriminaci\u00f3n.","robots":{"index":"index","follow":"follow","max-snippet":"max-snippet:-1","max-image-preview":"max-image-preview:large","max-video-preview":"max-video-preview:-1"},"canonical":"https:\/\/www.latribunedeplanas.com\/es\/sr-alcalde-esta-en-el-camino-equivocado\/","og_locale":"es_ES","og_type":"article","og_title":"\u00a1Sr.Alcalde, est\u00e1 en el camino equivocado!","og_description":"Desde 2016, la EUCC est\u00e1 disuelta. El Ayuntamiento de Pratdip debe asumir sus obligaciones legales en Planas del Rey. Basta de discriminaci\u00f3n.","og_url":"https:\/\/www.latribunedeplanas.com\/es\/sr-alcalde-esta-en-el-camino-equivocado\/","og_site_name":"La Tribune de Planas","article_publisher":"https:\/\/www.facebook.com\/groups\/1220895301376005\/","article_author":"https:\/\/www.facebook.com\/Creawebsite-113915200150984","article_published_time":"2018-02-04T10:32:58+00:00","article_modified_time":"2025-07-22T20:33:28+00:00","og_image":[{"width":540,"height":350,"url":"https:\/\/www.latribunedeplanas.com\/wp-content\/uploads\/2018\/02\/404.jpg","type":"image\/jpeg"}],"author":"Jim","twitter_card":"summary_large_image","twitter_misc":{"Escrito por":"Jim","Tiempo de lectura":"3 minutos"},"schema":{"@context":"https:\/\/schema.org","@graph":[{"@type":"Article","@id":"https:\/\/www.latribunedeplanas.com\/es\/sr-alcalde-esta-en-el-camino-equivocado\/#article","isPartOf":{"@id":"https:\/\/www.latribunedeplanas.com\/es\/sr-alcalde-esta-en-el-camino-equivocado\/"},"author":{"name":"Jim","@id":"https:\/\/www.latribunedeplanas.com\/es\/#\/schema\/person\/590a87318688792f18d8e1c983528bc8"},"headline":"\u00a1Sr.Alcalde, est\u00e1 en el camino equivocado!","datePublished":"2018-02-04T10:32:58+00:00","dateModified":"2025-07-22T20:33:28+00:00","mainEntityOfPage":{"@id":"https:\/\/www.latribunedeplanas.com\/es\/sr-alcalde-esta-en-el-camino-equivocado\/"},"wordCount":1068,"publisher":{"@id":"https:\/\/www.latribunedeplanas.com\/es\/#organization"},"image":{"@id":"https:\/\/www.latribunedeplanas.com\/es\/sr-alcalde-esta-en-el-camino-equivocado\/#primaryimage"},"thumbnailUrl":"https:\/\/www.latribunedeplanas.com\/wp-content\/uploads\/2018\/02\/404.jpg","articleSection":["Art\u00edculos de 2015 a 2018"],"inLanguage":"es"},{"@type":"WebPage","@id":"https:\/\/www.latribunedeplanas.com\/es\/sr-alcalde-esta-en-el-camino-equivocado\/","url":"https:\/\/www.latribunedeplanas.com\/es\/sr-alcalde-esta-en-el-camino-equivocado\/","name":"\u00a1Sr.Alcalde, est\u00e1 en el camino equivocado!","isPartOf":{"@id":"https:\/\/www.latribunedeplanas.com\/es\/#website"},"primaryImageOfPage":{"@id":"https:\/\/www.latribunedeplanas.com\/es\/sr-alcalde-esta-en-el-camino-equivocado\/#primaryimage"},"image":{"@id":"https:\/\/www.latribunedeplanas.com\/es\/sr-alcalde-esta-en-el-camino-equivocado\/#primaryimage"},"thumbnailUrl":"https:\/\/www.latribunedeplanas.com\/wp-content\/uploads\/2018\/02\/404.jpg","datePublished":"2018-02-04T10:32:58+00:00","dateModified":"2025-07-22T20:33:28+00:00","description":"Desde 2016, la EUCC est\u00e1 disuelta. El Ayuntamiento de Pratdip debe asumir sus obligaciones legales en Planas del Rey. Basta de discriminaci\u00f3n.","breadcrumb":{"@id":"https:\/\/www.latribunedeplanas.com\/es\/sr-alcalde-esta-en-el-camino-equivocado\/#breadcrumb"},"inLanguage":"es","potentialAction":[{"@type":"ReadAction","target":["https:\/\/www.latribunedeplanas.com\/es\/sr-alcalde-esta-en-el-camino-equivocado\/"]}]},{"@type":"ImageObject","inLanguage":"es","@id":"https:\/\/www.latribunedeplanas.com\/es\/sr-alcalde-esta-en-el-camino-equivocado\/#primaryimage","url":"https:\/\/www.latribunedeplanas.com\/wp-content\/uploads\/2018\/02\/404.jpg","contentUrl":"https:\/\/www.latribunedeplanas.com\/wp-content\/uploads\/2018\/02\/404.jpg","width":540,"height":350,"caption":"planas de rey-pratdip-404"},{"@type":"BreadcrumbList","@id":"https:\/\/www.latribunedeplanas.com\/es\/sr-alcalde-esta-en-el-camino-equivocado\/#breadcrumb","itemListElement":[{"@type":"ListItem","position":1,"name":"Accueil","item":"https:\/\/www.latribunedeplanas.com\/es\/"},{"@type":"ListItem","position":2,"name":"\u00a1Sr.Alcalde, est\u00e1 en el camino equivocado!"}]},{"@type":"WebSite","@id":"https:\/\/www.latribunedeplanas.com\/es\/#website","url":"https:\/\/www.latribunedeplanas.com\/es\/","name":"La Tribune de Planas","description":"Les Planes del Rei - Urbanizaci\u00f3n del municipio de Pratdip","publisher":{"@id":"https:\/\/www.latribunedeplanas.com\/es\/#organization"},"potentialAction":[{"@type":"SearchAction","target":{"@type":"EntryPoint","urlTemplate":"https:\/\/www.latribunedeplanas.com\/es\/?s={search_term_string}"},"query-input":{"@type":"PropertyValueSpecification","valueRequired":true,"valueName":"search_term_string"}}],"inLanguage":"es"},{"@type":"Organization","@id":"https:\/\/www.latribunedeplanas.com\/es\/#organization","name":"Vecinos de Planes del Rei (SOSPlanes)","url":"https:\/\/www.latribunedeplanas.com\/es\/","logo":{"@type":"ImageObject","inLanguage":"es","@id":"https:\/\/www.latribunedeplanas.com\/es\/#\/schema\/logo\/image\/","url":"https:\/\/www.latribunedeplanas.com\/wp-content\/uploads\/2021\/11\/logo-sos-planas-0.png","contentUrl":"https:\/\/www.latribunedeplanas.com\/wp-content\/uploads\/2021\/11\/logo-sos-planas-0.png","width":600,"height":400,"caption":"Vecinos de Planes del Rei (SOSPlanes)"},"image":{"@id":"https:\/\/www.latribunedeplanas.com\/es\/#\/schema\/logo\/image\/"},"sameAs":["https:\/\/www.facebook.com\/groups\/1220895301376005\/","https:\/\/www.instagram.com\/lasplanasdelrey\/"]},{"@type":"Person","@id":"https:\/\/www.latribunedeplanas.com\/es\/#\/schema\/person\/590a87318688792f18d8e1c983528bc8","name":"Jim","image":{"@type":"ImageObject","inLanguage":"es","@id":"https:\/\/secure.gravatar.com\/avatar\/5a89228fd282eb9ee33a60b4ff06f9c31751866f1fb91ca56263af0968354113?s=96&d=mm&r=g","url":"https:\/\/secure.gravatar.com\/avatar\/5a89228fd282eb9ee33a60b4ff06f9c31751866f1fb91ca56263af0968354113?s=96&d=mm&r=g","contentUrl":"https:\/\/secure.gravatar.com\/avatar\/5a89228fd282eb9ee33a60b4ff06f9c31751866f1fb91ca56263af0968354113?s=96&d=mm&r=g","caption":"Jim"},"sameAs":["https:\/\/www.creawebsite.be\/","https:\/\/www.facebook.com\/Creawebsite-113915200150984","https:\/\/www.instagram.com\/creawebsite.be\/","https:\/\/www.linkedin.com\/in\/jean-marc-delchef\/"]}]}},"_links":{"self":[{"href":"https:\/\/www.latribunedeplanas.com\/es\/wp-json\/wp\/v2\/posts\/10901","targetHints":{"allow":["GET"]}}],"collection":[{"href":"https:\/\/www.latribunedeplanas.com\/es\/wp-json\/wp\/v2\/posts"}],"about":[{"href":"https:\/\/www.latribunedeplanas.com\/es\/wp-json\/wp\/v2\/types\/post"}],"author":[{"embeddable":true,"href":"https:\/\/www.latribunedeplanas.com\/es\/wp-json\/wp\/v2\/users\/1"}],"replies":[{"embeddable":true,"href":"https:\/\/www.latribunedeplanas.com\/es\/wp-json\/wp\/v2\/comments?post=10901"}],"version-history":[{"count":1,"href":"https:\/\/www.latribunedeplanas.com\/es\/wp-json\/wp\/v2\/posts\/10901\/revisions"}],"predecessor-version":[{"id":25581,"href":"https:\/\/www.latribunedeplanas.com\/es\/wp-json\/wp\/v2\/posts\/10901\/revisions\/25581"}],"wp:featuredmedia":[{"embeddable":true,"href":"https:\/\/www.latribunedeplanas.com\/es\/wp-json\/wp\/v2\/media\/10915"}],"wp:attachment":[{"href":"https:\/\/www.latribunedeplanas.com\/es\/wp-json\/wp\/v2\/media?parent=10901"}],"wp:term":[{"taxonomy":"category","embeddable":true,"href":"https:\/\/www.latribunedeplanas.com\/es\/wp-json\/wp\/v2\/categories?post=10901"},{"taxonomy":"post_tag","embeddable":true,"href":"https:\/\/www.latribunedeplanas.com\/es\/wp-json\/wp\/v2\/tags?post=10901"}],"curies":[{"name":"wp","href":"https:\/\/api.w.org\/{rel}","templated":true}]}}