{"id":10780,"date":"2018-03-01T22:30:29","date_gmt":"2018-03-01T21:30:29","guid":{"rendered":"https:\/\/www.latribunedeplanas.com\/refus-du-nouvel-accord-sur-leau-que-voulait-nous-imposer-la-mairie-de-pratdip\/"},"modified":"2025-07-23T17:37:48","modified_gmt":"2025-07-23T15:37:48","slug":"denegacion-del-nuevo-acuerdo-sobre-el-agua-que-queria-imponernos-el-ayuntamientode-pratdip","status":"publish","type":"post","link":"https:\/\/www.latribunedeplanas.com\/es\/denegacion-del-nuevo-acuerdo-sobre-el-agua-que-queria-imponernos-el-ayuntamientode-pratdip\/","title":{"rendered":"Denegaci\u00f3n del nuevo acuerdo sobre el agua que quer\u00eda imponernos el Ayuntamientode Pratdip"},"content":{"rendered":"<p>[et_pb_section fb_built=\u00bb1&#8243; admin_label=\u00bbSection-Article\u00bb module_class=\u00bbsection-article\u00bb _builder_version=\u00bb4.16&#8243; custom_margin=\u00bb0px|0px|0px|0px\u00bb custom_padding=\u00bb0px|0px|0px|0px\u00bb global_colors_info=\u00bb{}\u00bb][et_pb_row use_custom_gutter=\u00bbon\u00bb gutter_width=\u00bb1&#8243; admin_label=\u00bbLigne-Article\u00bb module_class=\u00bbligne-article et_pb_row_fullwidth\u00bb _builder_version=\u00bb4.16&#8243; width=\u00bb100%\u00bb width_tablet=\u00bb100%\u00bb width_phone=\u00bb100%\u00bb width_last_edited=\u00bbon|desktop\u00bb max_width=\u00bb100%\u00bb max_width_tablet=\u00bb100%\u00bb max_width_phone=\u00bb100%\u00bb max_width_last_edited=\u00bbon|desktop\u00bb custom_margin=\u00bb0px||0px\u00bb custom_padding=\u00bb0px||0px\u00bb make_fullwidth=\u00bbon\u00bb global_colors_info=\u00bb{}\u00bb][et_pb_column type=\u00bb4_4&#8243; _builder_version=\u00bb4.16&#8243; custom_padding=\u00bb|||\u00bb global_colors_info=\u00bb{}\u00bb custom_padding__hover=\u00bb|||\u00bb][et_pb_text admin_label=\u00bbTexte-Article-Denegaci\u00f3n del nuevo acuerdo sobre el agua que quer\u00eda imponernos el Ayuntamiento.\u00bb module_class=\u00bbtxt-article\u00bb _builder_version=\u00bb4.27.4&#8243; text_font=\u00bb|300|||||||\u00bb header_font=\u00bb||||||||\u00bb header_2_font=\u00bb||||||||\u00bb header_2_text_color=\u00bb#333333&#8243; header_3_font=\u00bb||||||||\u00bb header_3_font_size=\u00bb24px\u00bb header_3_line_height=\u00bb1.3em\u00bb header_4_font=\u00bb||||||||\u00bb header_4_text_align=\u00bbcenter\u00bb header_4_text_color=\u00bb#840303&#8243; header_4_font_size=\u00bb20px\u00bb header_5_font=\u00bb||||||||\u00bb header_5_text_color=\u00bb#840303&#8243; header_5_font_size=\u00bb20px\u00bb text_line_height_tablet=\u00bb\u00bb text_line_height_phone=\u00bb1.3em\u00bb text_line_height_last_edited=\u00bbon|desktop\u00bb header_2_font_size_phone=\u00bb23px\u00bb header_2_font_size_last_edited=\u00bboff|tablet\u00bb header_3_font_size_tablet=\u00bb\u00bb header_3_font_size_phone=\u00bb23px\u00bb header_3_font_size_last_edited=\u00bbon|phone\u00bb header_4_font_size_tablet=\u00bb\u00bb header_4_font_size_phone=\u00bb15px\u00bb header_4_font_size_last_edited=\u00bbon|desktop\u00bb global_colors_info=\u00bb{}\u00bb]<span class=\"accentue\">Estimados propietarios,<\/span><\/p>\n<p>Deseamos informarles que el martes 28 de febrero de 2018, el alcalde de Pratdip y su partido (CiU) intentaron aprobar un nuevo acuerdo sobre la gesti\u00f3n del agua (v\u00e9ase copia m\u00e1s abajo).<\/p>\n<p>Al no poder contratar con la antigua entidad \u2014ahora disuelta\u2014 propusieron firmar este acuerdo con la Comarca.<br \/>\nUna vez m\u00e1s, este acuerdo iba en contra de los intereses de los propietarios de Planas, ya que contemplaba un <span class=\"accentue\">aumento del precio del agua<\/span>, a pesar de que ya pagamos hasta <span class=\"accentue\">tres veces m\u00e1s<\/span> que los habitantes de Pratdip.<\/p>\n<p>Afortunadamente, nuestro concejal \u00d3scar Serrano, con el apoyo del grupo de la oposici\u00f3n PSC, <span class=\"accentue\">se neg\u00f3 a validar dicho convenio<\/span>.<\/p>\n<p>Por otra parte, durante la sesi\u00f3n plenaria extraordinaria prevista la semana pr\u00f3xima en el ayuntamiento (Pleno), volveremos a presentar <span class=\"accentue\">las ocho mociones de censura<\/span> mencionadas en nuestro art\u00edculo anterior.<br \/>\nEn esta ocasi\u00f3n, contamos con <span class=\"accentue\">el apoyo renovado del PSC<\/span>, tal como lo hab\u00edan prometido.<\/p>\n<p class=\"accentue\">El Grupo de Colaboraci\u00f3n de Planas<\/p>\n<hr style=\"margin-bottom: 30px;\" \/>\n<h3 class=\"underline\">Documento<\/h3>\n<p style=\"padding-top: 30px;\"><a href=\"https:\/\/www.latribunedeplanas.com\/wp-content\/uploads\/2018\/03\/2018-03-01-convenio-Comarcal-Ayuntamiento.pdf\" class=\"pdfemb-viewer\" style=\"\" data-width=\"max\" data-height=\"max\" data-mobile-width=\"0\"  data-scrollbar=\"none\" data-download=\"on\" data-tracking=\"on\" data-newwindow=\"on\" data-pagetextbox=\"off\" data-scrolltotop=\"off\" data-startzoom=\"100\" data-startfpzoom=\"100\" data-toolbar=\"top\" data-toolbar-fixed=\"off\">2018-03-01-convenio Comarcal-Ayuntamiento<br\/><\/a><\/p>\n<p>[\/et_pb_text][et_pb_text admin_label=\u00bbTexte-Lien\u00bb module_class=\u00bbtxt-article\u00bb _builder_version=\u00bb4.27.4&#8243; text_font=\u00bb|300|||||||\u00bb header_font=\u00bb||||||||\u00bb header_2_line_height=\u00bb1.2em\u00bb header_3_font=\u00bb||||||||\u00bb header_3_line_height=\u00bb1.3em\u00bb header_4_text_align=\u00bbcenter\u00bb custom_padding=\u00bb30px||||false|false\u00bb text_line_height_tablet=\u00bb\u00bb text_line_height_phone=\u00bb1.3em\u00bb text_line_height_last_edited=\u00bbon|desktop\u00bb header_2_font_size_tablet=\u00bb\u00bb header_2_font_size_phone=\u00bb\u00bb header_2_font_size_last_edited=\u00bbon|phone\u00bb header_3_font_size_tablet=\u00bb\u00bb header_3_font_size_phone=\u00bb23px\u00bb header_3_font_size_last_edited=\u00bbon|desktop\u00bb locked=\u00bboff\u00bb global_colors_info=\u00bb{}\u00bb]<\/p>\n<p><a href=\"https:\/\/www.latribunedeplanas.com\/es\/resumen-de-la-visita-del-psc-propuesta-por-el-grupo-de-colaboracion-planas-el-dia-18-de-febrero-2018\/\">-Lee tambi\u00e9n: Resumen de la Visita del PSC propuesta por el Grupo de Colaboraci\u00f3n Planas el d\u00eda 18 de febrero 2018<\/a><\/p>\n<p>[\/et_pb_text][\/et_pb_column][\/et_pb_row][\/et_pb_section]<\/p>\n","protected":false},"excerpt":{"rendered":"<p>Estimados propietarios, Deseamos informarles que el martes 28 de febrero de 2018, el alcalde de Pratdip y su partido (CiU) intentaron aprobar un nuevo acuerdo sobre la gesti\u00f3n del agua (v\u00e9ase copia m\u00e1s abajo). Al no poder contratar con la antigua entidad \u2014ahora disuelta\u2014 propusieron firmar este acuerdo con la Comarca. Una vez m\u00e1s, este [&hellip;]<\/p>\n","protected":false},"author":1,"featured_media":8471,"comment_status":"closed","ping_status":"closed","sticky":false,"template":"","format":"standard","meta":{"_et_pb_use_builder":"on","_et_pb_old_content":"","_et_gb_content_width":"","footnotes":""},"categories":[200],"tags":[],"class_list":["post-10780","post","type-post","status-publish","format-standard","has-post-thumbnail","hentry","category-articulos-de-2015-a-2018"],"yoast_head":"<!-- This site is optimized with the Yoast SEO plugin v27.5 - https:\/\/yoast.com\/product\/yoast-seo-wordpress\/ -->\n<title>Denegaci\u00f3n del nuevo acuerdo sobre el agua que quer\u00eda imponernos el Ayuntamientode Pratdip<\/title>\n<meta name=\"description\" content=\"Pratdip intent\u00f3 aprobar un nuevo acuerdo del agua perjudicial para Planas. Fue rechazado gracias a \u00d3scar Serrano y al apoyo del PSC.\" \/>\n<meta name=\"robots\" content=\"index, follow, max-snippet:-1, max-image-preview:large, max-video-preview:-1\" \/>\n<link rel=\"canonical\" href=\"https:\/\/www.latribunedeplanas.com\/es\/denegacion-del-nuevo-acuerdo-sobre-el-agua-que-queria-imponernos-el-ayuntamientode-pratdip\/\" \/>\n<meta property=\"og:locale\" content=\"es_ES\" \/>\n<meta property=\"og:type\" content=\"article\" \/>\n<meta property=\"og:title\" content=\"Denegaci\u00f3n del nuevo acuerdo sobre el agua que quer\u00eda imponernos el Ayuntamientode Pratdip\" \/>\n<meta property=\"og:description\" content=\"Pratdip intent\u00f3 aprobar un nuevo acuerdo del agua perjudicial para Planas. Fue rechazado gracias a \u00d3scar Serrano y al apoyo del PSC.\" \/>\n<meta property=\"og:url\" content=\"https:\/\/www.latribunedeplanas.com\/es\/denegacion-del-nuevo-acuerdo-sobre-el-agua-que-queria-imponernos-el-ayuntamientode-pratdip\/\" \/>\n<meta property=\"og:site_name\" content=\"La Tribune de Planas\" \/>\n<meta property=\"article:publisher\" content=\"https:\/\/www.facebook.com\/groups\/1220895301376005\/\" \/>\n<meta property=\"article:author\" content=\"https:\/\/www.facebook.com\/Creawebsite-113915200150984\" \/>\n<meta property=\"article:published_time\" content=\"2018-03-01T21:30:29+00:00\" \/>\n<meta property=\"article:modified_time\" content=\"2025-07-23T15:37:48+00:00\" \/>\n<meta property=\"og:image\" content=\"https:\/\/www.latribunedeplanas.com\/wp-content\/uploads\/2018\/03\/refus.jpg\" \/>\n\t<meta property=\"og:image:width\" content=\"600\" \/>\n\t<meta property=\"og:image:height\" content=\"345\" \/>\n\t<meta property=\"og:image:type\" content=\"image\/jpeg\" \/>\n<meta name=\"author\" content=\"Jim\" \/>\n<meta name=\"twitter:card\" content=\"summary_large_image\" \/>\n<meta name=\"twitter:label1\" content=\"Escrito por\" \/>\n\t<meta name=\"twitter:data1\" content=\"Jim\" \/>\n\t<meta name=\"twitter:label2\" content=\"Tiempo de lectura\" \/>\n\t<meta name=\"twitter:data2\" content=\"2 minutos\" \/>\n<script type=\"application\/ld+json\" class=\"yoast-schema-graph\">{\"@context\":\"https:\\\/\\\/schema.org\",\"@graph\":[{\"@type\":\"Article\",\"@id\":\"https:\\\/\\\/www.latribunedeplanas.com\\\/es\\\/denegacion-del-nuevo-acuerdo-sobre-el-agua-que-queria-imponernos-el-ayuntamientode-pratdip\\\/#article\",\"isPartOf\":{\"@id\":\"https:\\\/\\\/www.latribunedeplanas.com\\\/es\\\/denegacion-del-nuevo-acuerdo-sobre-el-agua-que-queria-imponernos-el-ayuntamientode-pratdip\\\/\"},\"author\":{\"name\":\"Jim\",\"@id\":\"https:\\\/\\\/www.latribunedeplanas.com\\\/es\\\/#\\\/schema\\\/person\\\/590a87318688792f18d8e1c983528bc8\"},\"headline\":\"Denegaci\u00f3n del nuevo acuerdo sobre el agua que quer\u00eda imponernos el Ayuntamientode Pratdip\",\"datePublished\":\"2018-03-01T21:30:29+00:00\",\"dateModified\":\"2025-07-23T15:37:48+00:00\",\"mainEntityOfPage\":{\"@id\":\"https:\\\/\\\/www.latribunedeplanas.com\\\/es\\\/denegacion-del-nuevo-acuerdo-sobre-el-agua-que-queria-imponernos-el-ayuntamientode-pratdip\\\/\"},\"wordCount\":556,\"publisher\":{\"@id\":\"https:\\\/\\\/www.latribunedeplanas.com\\\/es\\\/#organization\"},\"image\":{\"@id\":\"https:\\\/\\\/www.latribunedeplanas.com\\\/es\\\/denegacion-del-nuevo-acuerdo-sobre-el-agua-que-queria-imponernos-el-ayuntamientode-pratdip\\\/#primaryimage\"},\"thumbnailUrl\":\"https:\\\/\\\/www.latribunedeplanas.com\\\/wp-content\\\/uploads\\\/2018\\\/03\\\/refus.jpg\",\"articleSection\":[\"Art\u00edculos de 2015 a 2018\"],\"inLanguage\":\"es\"},{\"@type\":\"WebPage\",\"@id\":\"https:\\\/\\\/www.latribunedeplanas.com\\\/es\\\/denegacion-del-nuevo-acuerdo-sobre-el-agua-que-queria-imponernos-el-ayuntamientode-pratdip\\\/\",\"url\":\"https:\\\/\\\/www.latribunedeplanas.com\\\/es\\\/denegacion-del-nuevo-acuerdo-sobre-el-agua-que-queria-imponernos-el-ayuntamientode-pratdip\\\/\",\"name\":\"Denegaci\u00f3n del nuevo acuerdo sobre el agua que quer\u00eda imponernos el Ayuntamientode Pratdip\",\"isPartOf\":{\"@id\":\"https:\\\/\\\/www.latribunedeplanas.com\\\/es\\\/#website\"},\"primaryImageOfPage\":{\"@id\":\"https:\\\/\\\/www.latribunedeplanas.com\\\/es\\\/denegacion-del-nuevo-acuerdo-sobre-el-agua-que-queria-imponernos-el-ayuntamientode-pratdip\\\/#primaryimage\"},\"image\":{\"@id\":\"https:\\\/\\\/www.latribunedeplanas.com\\\/es\\\/denegacion-del-nuevo-acuerdo-sobre-el-agua-que-queria-imponernos-el-ayuntamientode-pratdip\\\/#primaryimage\"},\"thumbnailUrl\":\"https:\\\/\\\/www.latribunedeplanas.com\\\/wp-content\\\/uploads\\\/2018\\\/03\\\/refus.jpg\",\"datePublished\":\"2018-03-01T21:30:29+00:00\",\"dateModified\":\"2025-07-23T15:37:48+00:00\",\"description\":\"Pratdip intent\u00f3 aprobar un nuevo acuerdo del agua perjudicial para Planas. Fue rechazado gracias a \u00d3scar Serrano y al apoyo del PSC.\",\"breadcrumb\":{\"@id\":\"https:\\\/\\\/www.latribunedeplanas.com\\\/es\\\/denegacion-del-nuevo-acuerdo-sobre-el-agua-que-queria-imponernos-el-ayuntamientode-pratdip\\\/#breadcrumb\"},\"inLanguage\":\"es\",\"potentialAction\":[{\"@type\":\"ReadAction\",\"target\":[\"https:\\\/\\\/www.latribunedeplanas.com\\\/es\\\/denegacion-del-nuevo-acuerdo-sobre-el-agua-que-queria-imponernos-el-ayuntamientode-pratdip\\\/\"]}]},{\"@type\":\"ImageObject\",\"inLanguage\":\"es\",\"@id\":\"https:\\\/\\\/www.latribunedeplanas.com\\\/es\\\/denegacion-del-nuevo-acuerdo-sobre-el-agua-que-queria-imponernos-el-ayuntamientode-pratdip\\\/#primaryimage\",\"url\":\"https:\\\/\\\/www.latribunedeplanas.com\\\/wp-content\\\/uploads\\\/2018\\\/03\\\/refus.jpg\",\"contentUrl\":\"https:\\\/\\\/www.latribunedeplanas.com\\\/wp-content\\\/uploads\\\/2018\\\/03\\\/refus.jpg\",\"width\":600,\"height\":345},{\"@type\":\"BreadcrumbList\",\"@id\":\"https:\\\/\\\/www.latribunedeplanas.com\\\/es\\\/denegacion-del-nuevo-acuerdo-sobre-el-agua-que-queria-imponernos-el-ayuntamientode-pratdip\\\/#breadcrumb\",\"itemListElement\":[{\"@type\":\"ListItem\",\"position\":1,\"name\":\"Accueil\",\"item\":\"https:\\\/\\\/www.latribunedeplanas.com\\\/es\\\/\"},{\"@type\":\"ListItem\",\"position\":2,\"name\":\"Denegaci\u00f3n del nuevo acuerdo sobre el agua que quer\u00eda imponernos el Ayuntamientode Pratdip\"}]},{\"@type\":\"WebSite\",\"@id\":\"https:\\\/\\\/www.latribunedeplanas.com\\\/es\\\/#website\",\"url\":\"https:\\\/\\\/www.latribunedeplanas.com\\\/es\\\/\",\"name\":\"La Tribune de Planas\",\"description\":\"Les Planes del Rei - Urbanizaci\u00f3n del municipio de Pratdip\",\"publisher\":{\"@id\":\"https:\\\/\\\/www.latribunedeplanas.com\\\/es\\\/#organization\"},\"potentialAction\":[{\"@type\":\"SearchAction\",\"target\":{\"@type\":\"EntryPoint\",\"urlTemplate\":\"https:\\\/\\\/www.latribunedeplanas.com\\\/es\\\/?s={search_term_string}\"},\"query-input\":{\"@type\":\"PropertyValueSpecification\",\"valueRequired\":true,\"valueName\":\"search_term_string\"}}],\"inLanguage\":\"es\"},{\"@type\":\"Organization\",\"@id\":\"https:\\\/\\\/www.latribunedeplanas.com\\\/es\\\/#organization\",\"name\":\"Vecinos de Planes del Rei (SOSPlanes)\",\"url\":\"https:\\\/\\\/www.latribunedeplanas.com\\\/es\\\/\",\"logo\":{\"@type\":\"ImageObject\",\"inLanguage\":\"es\",\"@id\":\"https:\\\/\\\/www.latribunedeplanas.com\\\/es\\\/#\\\/schema\\\/logo\\\/image\\\/\",\"url\":\"https:\\\/\\\/www.latribunedeplanas.com\\\/wp-content\\\/uploads\\\/2021\\\/11\\\/logo-sos-planas-0.png\",\"contentUrl\":\"https:\\\/\\\/www.latribunedeplanas.com\\\/wp-content\\\/uploads\\\/2021\\\/11\\\/logo-sos-planas-0.png\",\"width\":600,\"height\":400,\"caption\":\"Vecinos de Planes del Rei (SOSPlanes)\"},\"image\":{\"@id\":\"https:\\\/\\\/www.latribunedeplanas.com\\\/es\\\/#\\\/schema\\\/logo\\\/image\\\/\"},\"sameAs\":[\"https:\\\/\\\/www.facebook.com\\\/groups\\\/1220895301376005\\\/\",\"https:\\\/\\\/www.instagram.com\\\/lasplanasdelrey\\\/\"]},{\"@type\":\"Person\",\"@id\":\"https:\\\/\\\/www.latribunedeplanas.com\\\/es\\\/#\\\/schema\\\/person\\\/590a87318688792f18d8e1c983528bc8\",\"name\":\"Jim\",\"image\":{\"@type\":\"ImageObject\",\"inLanguage\":\"es\",\"@id\":\"https:\\\/\\\/secure.gravatar.com\\\/avatar\\\/5a89228fd282eb9ee33a60b4ff06f9c31751866f1fb91ca56263af0968354113?s=96&d=mm&r=g\",\"url\":\"https:\\\/\\\/secure.gravatar.com\\\/avatar\\\/5a89228fd282eb9ee33a60b4ff06f9c31751866f1fb91ca56263af0968354113?s=96&d=mm&r=g\",\"contentUrl\":\"https:\\\/\\\/secure.gravatar.com\\\/avatar\\\/5a89228fd282eb9ee33a60b4ff06f9c31751866f1fb91ca56263af0968354113?s=96&d=mm&r=g\",\"caption\":\"Jim\"},\"sameAs\":[\"https:\\\/\\\/www.creawebsite.be\\\/\",\"https:\\\/\\\/www.facebook.com\\\/Creawebsite-113915200150984\",\"https:\\\/\\\/www.instagram.com\\\/creawebsite.be\\\/\",\"https:\\\/\\\/www.linkedin.com\\\/in\\\/jean-marc-delchef\\\/\"]}]}<\/script>\n<!-- \/ Yoast SEO plugin. -->","yoast_head_json":{"title":"Denegaci\u00f3n del nuevo acuerdo sobre el agua que quer\u00eda imponernos el Ayuntamientode Pratdip","description":"Pratdip intent\u00f3 aprobar un nuevo acuerdo del agua perjudicial para Planas. Fue rechazado gracias a \u00d3scar Serrano y al apoyo del PSC.","robots":{"index":"index","follow":"follow","max-snippet":"max-snippet:-1","max-image-preview":"max-image-preview:large","max-video-preview":"max-video-preview:-1"},"canonical":"https:\/\/www.latribunedeplanas.com\/es\/denegacion-del-nuevo-acuerdo-sobre-el-agua-que-queria-imponernos-el-ayuntamientode-pratdip\/","og_locale":"es_ES","og_type":"article","og_title":"Denegaci\u00f3n del nuevo acuerdo sobre el agua que quer\u00eda imponernos el Ayuntamientode Pratdip","og_description":"Pratdip intent\u00f3 aprobar un nuevo acuerdo del agua perjudicial para Planas. Fue rechazado gracias a \u00d3scar Serrano y al apoyo del PSC.","og_url":"https:\/\/www.latribunedeplanas.com\/es\/denegacion-del-nuevo-acuerdo-sobre-el-agua-que-queria-imponernos-el-ayuntamientode-pratdip\/","og_site_name":"La Tribune de Planas","article_publisher":"https:\/\/www.facebook.com\/groups\/1220895301376005\/","article_author":"https:\/\/www.facebook.com\/Creawebsite-113915200150984","article_published_time":"2018-03-01T21:30:29+00:00","article_modified_time":"2025-07-23T15:37:48+00:00","og_image":[{"width":600,"height":345,"url":"https:\/\/www.latribunedeplanas.com\/wp-content\/uploads\/2018\/03\/refus.jpg","type":"image\/jpeg"}],"author":"Jim","twitter_card":"summary_large_image","twitter_misc":{"Escrito por":"Jim","Tiempo de lectura":"2 minutos"},"schema":{"@context":"https:\/\/schema.org","@graph":[{"@type":"Article","@id":"https:\/\/www.latribunedeplanas.com\/es\/denegacion-del-nuevo-acuerdo-sobre-el-agua-que-queria-imponernos-el-ayuntamientode-pratdip\/#article","isPartOf":{"@id":"https:\/\/www.latribunedeplanas.com\/es\/denegacion-del-nuevo-acuerdo-sobre-el-agua-que-queria-imponernos-el-ayuntamientode-pratdip\/"},"author":{"name":"Jim","@id":"https:\/\/www.latribunedeplanas.com\/es\/#\/schema\/person\/590a87318688792f18d8e1c983528bc8"},"headline":"Denegaci\u00f3n del nuevo acuerdo sobre el agua que quer\u00eda imponernos el Ayuntamientode Pratdip","datePublished":"2018-03-01T21:30:29+00:00","dateModified":"2025-07-23T15:37:48+00:00","mainEntityOfPage":{"@id":"https:\/\/www.latribunedeplanas.com\/es\/denegacion-del-nuevo-acuerdo-sobre-el-agua-que-queria-imponernos-el-ayuntamientode-pratdip\/"},"wordCount":556,"publisher":{"@id":"https:\/\/www.latribunedeplanas.com\/es\/#organization"},"image":{"@id":"https:\/\/www.latribunedeplanas.com\/es\/denegacion-del-nuevo-acuerdo-sobre-el-agua-que-queria-imponernos-el-ayuntamientode-pratdip\/#primaryimage"},"thumbnailUrl":"https:\/\/www.latribunedeplanas.com\/wp-content\/uploads\/2018\/03\/refus.jpg","articleSection":["Art\u00edculos de 2015 a 2018"],"inLanguage":"es"},{"@type":"WebPage","@id":"https:\/\/www.latribunedeplanas.com\/es\/denegacion-del-nuevo-acuerdo-sobre-el-agua-que-queria-imponernos-el-ayuntamientode-pratdip\/","url":"https:\/\/www.latribunedeplanas.com\/es\/denegacion-del-nuevo-acuerdo-sobre-el-agua-que-queria-imponernos-el-ayuntamientode-pratdip\/","name":"Denegaci\u00f3n del nuevo acuerdo sobre el agua que quer\u00eda imponernos el Ayuntamientode Pratdip","isPartOf":{"@id":"https:\/\/www.latribunedeplanas.com\/es\/#website"},"primaryImageOfPage":{"@id":"https:\/\/www.latribunedeplanas.com\/es\/denegacion-del-nuevo-acuerdo-sobre-el-agua-que-queria-imponernos-el-ayuntamientode-pratdip\/#primaryimage"},"image":{"@id":"https:\/\/www.latribunedeplanas.com\/es\/denegacion-del-nuevo-acuerdo-sobre-el-agua-que-queria-imponernos-el-ayuntamientode-pratdip\/#primaryimage"},"thumbnailUrl":"https:\/\/www.latribunedeplanas.com\/wp-content\/uploads\/2018\/03\/refus.jpg","datePublished":"2018-03-01T21:30:29+00:00","dateModified":"2025-07-23T15:37:48+00:00","description":"Pratdip intent\u00f3 aprobar un nuevo acuerdo del agua perjudicial para Planas. Fue rechazado gracias a \u00d3scar Serrano y al apoyo del PSC.","breadcrumb":{"@id":"https:\/\/www.latribunedeplanas.com\/es\/denegacion-del-nuevo-acuerdo-sobre-el-agua-que-queria-imponernos-el-ayuntamientode-pratdip\/#breadcrumb"},"inLanguage":"es","potentialAction":[{"@type":"ReadAction","target":["https:\/\/www.latribunedeplanas.com\/es\/denegacion-del-nuevo-acuerdo-sobre-el-agua-que-queria-imponernos-el-ayuntamientode-pratdip\/"]}]},{"@type":"ImageObject","inLanguage":"es","@id":"https:\/\/www.latribunedeplanas.com\/es\/denegacion-del-nuevo-acuerdo-sobre-el-agua-que-queria-imponernos-el-ayuntamientode-pratdip\/#primaryimage","url":"https:\/\/www.latribunedeplanas.com\/wp-content\/uploads\/2018\/03\/refus.jpg","contentUrl":"https:\/\/www.latribunedeplanas.com\/wp-content\/uploads\/2018\/03\/refus.jpg","width":600,"height":345},{"@type":"BreadcrumbList","@id":"https:\/\/www.latribunedeplanas.com\/es\/denegacion-del-nuevo-acuerdo-sobre-el-agua-que-queria-imponernos-el-ayuntamientode-pratdip\/#breadcrumb","itemListElement":[{"@type":"ListItem","position":1,"name":"Accueil","item":"https:\/\/www.latribunedeplanas.com\/es\/"},{"@type":"ListItem","position":2,"name":"Denegaci\u00f3n del nuevo acuerdo sobre el agua que quer\u00eda imponernos el Ayuntamientode Pratdip"}]},{"@type":"WebSite","@id":"https:\/\/www.latribunedeplanas.com\/es\/#website","url":"https:\/\/www.latribunedeplanas.com\/es\/","name":"La Tribune de Planas","description":"Les Planes del Rei - Urbanizaci\u00f3n del municipio de Pratdip","publisher":{"@id":"https:\/\/www.latribunedeplanas.com\/es\/#organization"},"potentialAction":[{"@type":"SearchAction","target":{"@type":"EntryPoint","urlTemplate":"https:\/\/www.latribunedeplanas.com\/es\/?s={search_term_string}"},"query-input":{"@type":"PropertyValueSpecification","valueRequired":true,"valueName":"search_term_string"}}],"inLanguage":"es"},{"@type":"Organization","@id":"https:\/\/www.latribunedeplanas.com\/es\/#organization","name":"Vecinos de Planes del Rei (SOSPlanes)","url":"https:\/\/www.latribunedeplanas.com\/es\/","logo":{"@type":"ImageObject","inLanguage":"es","@id":"https:\/\/www.latribunedeplanas.com\/es\/#\/schema\/logo\/image\/","url":"https:\/\/www.latribunedeplanas.com\/wp-content\/uploads\/2021\/11\/logo-sos-planas-0.png","contentUrl":"https:\/\/www.latribunedeplanas.com\/wp-content\/uploads\/2021\/11\/logo-sos-planas-0.png","width":600,"height":400,"caption":"Vecinos de Planes del Rei (SOSPlanes)"},"image":{"@id":"https:\/\/www.latribunedeplanas.com\/es\/#\/schema\/logo\/image\/"},"sameAs":["https:\/\/www.facebook.com\/groups\/1220895301376005\/","https:\/\/www.instagram.com\/lasplanasdelrey\/"]},{"@type":"Person","@id":"https:\/\/www.latribunedeplanas.com\/es\/#\/schema\/person\/590a87318688792f18d8e1c983528bc8","name":"Jim","image":{"@type":"ImageObject","inLanguage":"es","@id":"https:\/\/secure.gravatar.com\/avatar\/5a89228fd282eb9ee33a60b4ff06f9c31751866f1fb91ca56263af0968354113?s=96&d=mm&r=g","url":"https:\/\/secure.gravatar.com\/avatar\/5a89228fd282eb9ee33a60b4ff06f9c31751866f1fb91ca56263af0968354113?s=96&d=mm&r=g","contentUrl":"https:\/\/secure.gravatar.com\/avatar\/5a89228fd282eb9ee33a60b4ff06f9c31751866f1fb91ca56263af0968354113?s=96&d=mm&r=g","caption":"Jim"},"sameAs":["https:\/\/www.creawebsite.be\/","https:\/\/www.facebook.com\/Creawebsite-113915200150984","https:\/\/www.instagram.com\/creawebsite.be\/","https:\/\/www.linkedin.com\/in\/jean-marc-delchef\/"]}]}},"_links":{"self":[{"href":"https:\/\/www.latribunedeplanas.com\/es\/wp-json\/wp\/v2\/posts\/10780","targetHints":{"allow":["GET"]}}],"collection":[{"href":"https:\/\/www.latribunedeplanas.com\/es\/wp-json\/wp\/v2\/posts"}],"about":[{"href":"https:\/\/www.latribunedeplanas.com\/es\/wp-json\/wp\/v2\/types\/post"}],"author":[{"embeddable":true,"href":"https:\/\/www.latribunedeplanas.com\/es\/wp-json\/wp\/v2\/users\/1"}],"replies":[{"embeddable":true,"href":"https:\/\/www.latribunedeplanas.com\/es\/wp-json\/wp\/v2\/comments?post=10780"}],"version-history":[{"count":2,"href":"https:\/\/www.latribunedeplanas.com\/es\/wp-json\/wp\/v2\/posts\/10780\/revisions"}],"predecessor-version":[{"id":25712,"href":"https:\/\/www.latribunedeplanas.com\/es\/wp-json\/wp\/v2\/posts\/10780\/revisions\/25712"}],"wp:featuredmedia":[{"embeddable":true,"href":"https:\/\/www.latribunedeplanas.com\/es\/wp-json\/wp\/v2\/media\/8471"}],"wp:attachment":[{"href":"https:\/\/www.latribunedeplanas.com\/es\/wp-json\/wp\/v2\/media?parent=10780"}],"wp:term":[{"taxonomy":"category","embeddable":true,"href":"https:\/\/www.latribunedeplanas.com\/es\/wp-json\/wp\/v2\/categories?post=10780"},{"taxonomy":"post_tag","embeddable":true,"href":"https:\/\/www.latribunedeplanas.com\/es\/wp-json\/wp\/v2\/tags?post=10780"}],"curies":[{"name":"wp","href":"https:\/\/api.w.org\/{rel}","templated":true}]}}