{"id":27581,"date":"1968-09-21T18:19:57","date_gmt":"1968-09-21T17:19:57","guid":{"rendered":"https:\/\/www.latribunedeplanas.com\/1968-cession-des-zones-communes-de-planas-del-rey-a-la-mairie-de-pratdip\/"},"modified":"2025-08-15T13:28:17","modified_gmt":"2025-08-15T11:28:17","slug":"september-21-1968-transfer-of-common-areas-of-planas-del-rey-to-the-pratdip-town-hall","status":"publish","type":"post","link":"https:\/\/www.latribunedeplanas.com\/en\/september-21-1968-transfer-of-common-areas-of-planas-del-rey-to-the-pratdip-town-hall\/","title":{"rendered":"September 21, 1968: Transfer of Common Areas of Planas del Rey to the Pratdip Town Hall"},"content":{"rendered":"<p>[et_pb_section fb_built=&#8221;1&#8243; admin_label=&#8221;Section-Article&#8221; module_class=&#8221;section-article&#8221; _builder_version=&#8221;4.18.0&#8243; custom_margin=&#8221;0px|0px|0px|0px&#8221; custom_padding=&#8221;0px|0px|0px|0px&#8221; global_colors_info=&#8221;{}&#8221;][et_pb_row use_custom_gutter=&#8221;on&#8221; gutter_width=&#8221;1&#8243; custom_padding_last_edited=&#8221;on|desktop&#8221; admin_label=&#8221;Ligne-Article&#8221; module_class=&#8221;ligne-article et_pb_row_fullwidth&#8221; _builder_version=&#8221;4.27.4&#8243; width=&#8221;100%&#8221; width_tablet=&#8221;100%&#8221; width_phone=&#8221;&#8221; width_last_edited=&#8221;on|desktop&#8221; max_width=&#8221;100%&#8221; max_width_tablet=&#8221;100%&#8221; max_width_phone=&#8221;&#8221; max_width_last_edited=&#8221;on|desktop&#8221; custom_margin=&#8221;0px||0px&#8221; custom_padding=&#8221;20px||0px||false|false&#8221; custom_padding_tablet=&#8221;20px||0px||false|false&#8221; custom_padding_phone=&#8221;15px||||false|false&#8221; make_fullwidth=&#8221;on&#8221; global_colors_info=&#8221;{}&#8221;][et_pb_column type=&#8221;4_4&#8243; _builder_version=&#8221;4.16&#8243; custom_padding=&#8221;|||&#8221; global_colors_info=&#8221;{}&#8221; custom_padding__hover=&#8221;|||&#8221;][et_pb_text admin_label=&#8221;Texte-1968: Transfer of Common Areas of Planas del Rey to the Pratdip Town Hall&#8221; module_class=&#8221;txt-article&#8221; _builder_version=&#8221;4.27.4&#8243; text_font=&#8221;|300|||||||&#8221; header_font=&#8221;||||||||&#8221; header_2_line_height=&#8221;1.2em&#8221; header_3_font=&#8221;||||||||&#8221; header_3_line_height=&#8221;1.3em&#8221; header_4_text_align=&#8221;center&#8221; custom_padding=&#8221;||||false|false&#8221; text_line_height_tablet=&#8221;&#8221; text_line_height_phone=&#8221;1.3em&#8221; text_line_height_last_edited=&#8221;on|desktop&#8221; header_2_font_size_tablet=&#8221;&#8221; header_2_font_size_phone=&#8221;&#8221; header_2_font_size_last_edited=&#8221;on|phone&#8221; header_3_font_size_tablet=&#8221;&#8221; header_3_font_size_phone=&#8221;23px&#8221; header_3_font_size_last_edited=&#8221;on|desktop&#8221; global_colors_info=&#8221;{}&#8221;]<\/p>\n<p>On <span class=\"accentue\">21 September 1968<\/span>, the developer of the <span class=\"accentue\">Planas del Rey (Planes del Rei)<\/span> urbanization, <span class=\"accentue\">Francisco Lebasque Belloncle<\/span>, sent a formal request to the Pratdip Town Hall to <span class=\"accentue\">transfer the roads, networks, and shared services<\/span> of the urbanization to the municipality, in order to improve administration and the provision of public services.<\/p>\n<hr style=\"margin-bottom: 30px;\" \/>\n<h2>1) Context and nature of the document<\/h2>\n<ul>\n<li>Official letter from the developer to the Town Hall, written at the <span class=\"accentue\">request of the property owners<\/span> of the urbanization and in the interest of better management.<\/li>\n<li>Purpose: <span class=\"accentue\">offer to transfer<\/span> the infrastructures and shared services to the municipality.<\/li>\n<\/ul>\n<hr style=\"margin-bottom: 30px;\" \/>\n<h2>2) Scope of the proposed transfer<\/h2>\n<ul>\n<li><span class=\"accentue\">Roads<\/span> of the urbanization (viales).<\/li>\n<li><span class=\"accentue\">Water supply networks<\/span>.<\/li>\n<li><span class=\"accentue\">Sewerage networks<\/span>.<\/li>\n<li><span class=\"accentue\">Public lighting<\/span>.<\/li>\n<li><span class=\"accentue\">Waste collection<\/span>.<\/li>\n<li><span class=\"accentue\">Guarding and surveillance<\/span>.<\/li>\n<li>And, more broadly, <span class=\"accentue\">any service under municipal responsibility<\/span>.<\/li>\n<\/ul>\n<hr style=\"margin-bottom: 30px;\" \/>\n<h2>3) Conditions set by the developer<\/h2>\n<ul>\n<li>Providing the Town Hall with any <span class=\"accentue\">additional documentation<\/span> deemed necessary.<\/li>\n<li>Handing over the <span class=\"accentue\">list of property owners<\/span> and assets located in the urbanization.<\/li>\n<li>Providing the <span class=\"accentue\">maintenance and service accounts<\/span> from previous years, for claim and recovery by the Town Hall, followed by a <span class=\"accentue\">settlement<\/span> with the developer.<\/li>\n<li><span class=\"accentue\">Drinking water<\/span>: the Town Hall may use the existing channel up to the main tank included in the transferred network, <span class=\"accentue\">until the official reception<\/span> of the urbanization by the municipality is completed.<\/li>\n<\/ul>\n<hr style=\"margin-bottom: 30px;\" \/>\n<h2>4) Legal and urban planning analysis<\/h2>\n<p>This letter constitutes a <span class=\"accentue\">formal offer to transfer<\/span> public infrastructures and services to the municipality. It follows the logic of <span class=\"accentue\">municipal reception<\/span> of urbanization works, a necessary step for the Town Hall to take charge of the services.<\/p>\n<ul>\n<li><span class=\"accentue\">Scope<\/span>: if accepted, the municipality becomes responsible for road maintenance and provision of the listed services.<\/li>\n<li><span class=\"accentue\">Limit of the document<\/span>: the letter does not prove the <span class=\"accentue\">acceptance<\/span> of the transfer by the Town Hall. Taking over responsibility required a <span class=\"accentue\">formal decision<\/span> (municipal agreement, administrative act, and\/or notarized formalization).<\/li>\n<li><span class=\"accentue\">Consequence<\/span>: in the absence of formal acceptance\/reception, the Town Hall\u2019s obligations were not automatically triggered as of 21\/09\/1968.<\/li>\n<\/ul>\n<hr style=\"margin-bottom: 30px;\" \/>\n<h2>5) Significant excerpt (original in Spanish)<\/h2>\n<blockquote>\n<p>\u201c\u2026 es su prop\u00f3sito hacer cesi\u00f3n de la vialidad general y servicios p\u00fablicos al Ayuntamiento de Pratdip \u2026 a viales de la urbanizaci\u00f3n, redes de abastecimiento de aguas, redes de desag\u00fces, alumbrado p\u00fablico, servicio de recogida de basuras, guarder\u00eda y vigilancia; adem\u00e1s, servicios de la competencia municipal \u2026\u201d<\/p>\n<\/blockquote>\n<hr style=\"margin-bottom: 30px;\" \/>\n<h2>Conclusion<\/h2>\n<p>The document dated <span class=\"accentue\">21 September 1968<\/span> confirms that <span class=\"accentue\">a global transfer<\/span> of the infrastructures and services of <span class=\"accentue\">Planas del Rey<\/span> was <span class=\"accentue\">proposed<\/span> to the Pratdip Town Hall by the developer, on behalf of the property owners. However, to establish effective municipal responsibility starting in 1968, it is necessary to <span class=\"accentue\">find the act of acceptance<\/span> (municipal resolution, publication, notarized deed, or urbanization register) confirming the <span class=\"accentue\">reception<\/span> of these works.<\/p>\n<hr style=\"margin-bottom: 30px;\" \/>\n<h3 class=\"underline\">Document<\/h3>\n<p style=\"padding-top: 30px;\"><a href=\"https:\/\/www.latribunedeplanas.com\/wp-content\/uploads\/2017\/09\/1968-09-21-cession-zones-communes-lebasque-pratdip.pdf\" class=\"pdfemb-viewer\" style=\"\" data-width=\"max\" data-height=\"max\" data-mobile-width=\"0\"  data-scrollbar=\"none\" data-download=\"on\" data-tracking=\"on\" data-newwindow=\"on\" data-pagetextbox=\"off\" data-scrolltotop=\"off\" data-startzoom=\"100\" data-startfpzoom=\"100\" data-toolbar=\"top\" data-toolbar-fixed=\"off\">1968-09-21-cession-zones-communes-lebasque-pratdip<br\/><\/a><\/p>\n<p>[\/et_pb_text][\/et_pb_column][\/et_pb_row][\/et_pb_section]<\/p>\n","protected":false},"excerpt":{"rendered":"<p>On 21 September 1968, the developer of the Planas del Rey (Planes del Rei) urbanization, Francisco Lebasque Belloncle, sent a formal request to the Pratdip Town Hall to transfer the roads, networks, and shared services of the urbanization to the municipality, in order to improve administration and the provision of public services. 1) Context and [&hellip;]<\/p>\n","protected":false},"author":1,"featured_media":0,"comment_status":"closed","ping_status":"closed","sticky":false,"template":"","format":"standard","meta":{"_et_pb_use_builder":"on","_et_pb_old_content":"","_et_gb_content_width":"","footnotes":""},"categories":[216],"tags":[],"class_list":["post-27581","post","type-post","status-publish","format-standard","hentry","category-documents-en"],"yoast_head":"<!-- This site is optimized with the Yoast SEO plugin v27.5 - https:\/\/yoast.com\/product\/yoast-seo-wordpress\/ -->\n<title>September 21, 1968: Transfer of Common Areas of Planas del Rey to the Pratdip Town Hall - La Tribune de Planas<\/title>\n<meta name=\"description\" content=\"1968 letter offering to transfer Planas del Rey\u2019s roads, networks, and public services to Pratdip Town Hall for municipal management.\" \/>\n<meta name=\"robots\" content=\"index, follow, max-snippet:-1, max-image-preview:large, max-video-preview:-1\" \/>\n<link rel=\"canonical\" href=\"https:\/\/www.latribunedeplanas.com\/en\/september-21-1968-transfer-of-common-areas-of-planas-del-rey-to-the-pratdip-town-hall\/\" \/>\n<meta property=\"og:locale\" content=\"en_US\" \/>\n<meta property=\"og:type\" content=\"article\" \/>\n<meta property=\"og:title\" content=\"September 21, 1968: Transfer of Common Areas of Planas del Rey to the Pratdip Town Hall - La Tribune de Planas\" \/>\n<meta property=\"og:description\" content=\"1968 letter offering to transfer Planas del Rey\u2019s roads, networks, and public services to Pratdip Town Hall for municipal management.\" \/>\n<meta property=\"og:url\" content=\"https:\/\/www.latribunedeplanas.com\/en\/september-21-1968-transfer-of-common-areas-of-planas-del-rey-to-the-pratdip-town-hall\/\" \/>\n<meta property=\"og:site_name\" content=\"La Tribune de Planas\" \/>\n<meta property=\"article:publisher\" content=\"https:\/\/www.facebook.com\/groups\/1220895301376005\/\" \/>\n<meta property=\"article:author\" content=\"https:\/\/www.facebook.com\/Creawebsite-113915200150984\" \/>\n<meta property=\"article:published_time\" content=\"1968-09-21T17:19:57+00:00\" \/>\n<meta property=\"article:modified_time\" content=\"2025-08-15T11:28:17+00:00\" \/>\n<meta name=\"author\" content=\"Jim\" \/>\n<meta name=\"twitter:card\" content=\"summary_large_image\" \/>\n<meta name=\"twitter:label1\" content=\"Written by\" \/>\n\t<meta name=\"twitter:data1\" content=\"Jim\" \/>\n\t<meta name=\"twitter:label2\" content=\"Est. reading time\" \/>\n\t<meta name=\"twitter:data2\" content=\"3 minutes\" \/>\n<script type=\"application\/ld+json\" class=\"yoast-schema-graph\">{\"@context\":\"https:\\\/\\\/schema.org\",\"@graph\":[{\"@type\":\"Article\",\"@id\":\"https:\\\/\\\/www.latribunedeplanas.com\\\/en\\\/september-21-1968-transfer-of-common-areas-of-planas-del-rey-to-the-pratdip-town-hall\\\/#article\",\"isPartOf\":{\"@id\":\"https:\\\/\\\/www.latribunedeplanas.com\\\/en\\\/september-21-1968-transfer-of-common-areas-of-planas-del-rey-to-the-pratdip-town-hall\\\/\"},\"author\":{\"name\":\"Jim\",\"@id\":\"https:\\\/\\\/www.latribunedeplanas.com\\\/en\\\/#\\\/schema\\\/person\\\/590a87318688792f18d8e1c983528bc8\"},\"headline\":\"September 21, 1968: Transfer of Common Areas of Planas del Rey to the Pratdip Town Hall\",\"datePublished\":\"1968-09-21T17:19:57+00:00\",\"dateModified\":\"2025-08-15T11:28:17+00:00\",\"mainEntityOfPage\":{\"@id\":\"https:\\\/\\\/www.latribunedeplanas.com\\\/en\\\/september-21-1968-transfer-of-common-areas-of-planas-del-rey-to-the-pratdip-town-hall\\\/\"},\"wordCount\":701,\"publisher\":{\"@id\":\"https:\\\/\\\/www.latribunedeplanas.com\\\/en\\\/#organization\"},\"articleSection\":[\"Documents\"],\"inLanguage\":\"en-US\"},{\"@type\":\"WebPage\",\"@id\":\"https:\\\/\\\/www.latribunedeplanas.com\\\/en\\\/september-21-1968-transfer-of-common-areas-of-planas-del-rey-to-the-pratdip-town-hall\\\/\",\"url\":\"https:\\\/\\\/www.latribunedeplanas.com\\\/en\\\/september-21-1968-transfer-of-common-areas-of-planas-del-rey-to-the-pratdip-town-hall\\\/\",\"name\":\"September 21, 1968: Transfer of Common Areas of Planas del Rey to the Pratdip Town Hall - La Tribune de Planas\",\"isPartOf\":{\"@id\":\"https:\\\/\\\/www.latribunedeplanas.com\\\/en\\\/#website\"},\"datePublished\":\"1968-09-21T17:19:57+00:00\",\"dateModified\":\"2025-08-15T11:28:17+00:00\",\"description\":\"1968 letter offering to transfer Planas del Rey\u2019s roads, networks, and public services to Pratdip Town Hall for municipal management.\",\"breadcrumb\":{\"@id\":\"https:\\\/\\\/www.latribunedeplanas.com\\\/en\\\/september-21-1968-transfer-of-common-areas-of-planas-del-rey-to-the-pratdip-town-hall\\\/#breadcrumb\"},\"inLanguage\":\"en-US\",\"potentialAction\":[{\"@type\":\"ReadAction\",\"target\":[\"https:\\\/\\\/www.latribunedeplanas.com\\\/en\\\/september-21-1968-transfer-of-common-areas-of-planas-del-rey-to-the-pratdip-town-hall\\\/\"]}]},{\"@type\":\"BreadcrumbList\",\"@id\":\"https:\\\/\\\/www.latribunedeplanas.com\\\/en\\\/september-21-1968-transfer-of-common-areas-of-planas-del-rey-to-the-pratdip-town-hall\\\/#breadcrumb\",\"itemListElement\":[{\"@type\":\"ListItem\",\"position\":1,\"name\":\"Accueil\",\"item\":\"https:\\\/\\\/www.latribunedeplanas.com\\\/en\\\/\"},{\"@type\":\"ListItem\",\"position\":2,\"name\":\"September 21, 1968: Transfer of Common Areas of Planas del Rey to the Pratdip Town Hall\"}]},{\"@type\":\"WebSite\",\"@id\":\"https:\\\/\\\/www.latribunedeplanas.com\\\/en\\\/#website\",\"url\":\"https:\\\/\\\/www.latribunedeplanas.com\\\/en\\\/\",\"name\":\"La Tribune de Planas\",\"description\":\"Las Planas del Rey \u2013 Urbanisation of the municipality of Pratdip\",\"publisher\":{\"@id\":\"https:\\\/\\\/www.latribunedeplanas.com\\\/en\\\/#organization\"},\"potentialAction\":[{\"@type\":\"SearchAction\",\"target\":{\"@type\":\"EntryPoint\",\"urlTemplate\":\"https:\\\/\\\/www.latribunedeplanas.com\\\/en\\\/?s={search_term_string}\"},\"query-input\":{\"@type\":\"PropertyValueSpecification\",\"valueRequired\":true,\"valueName\":\"search_term_string\"}}],\"inLanguage\":\"en-US\"},{\"@type\":\"Organization\",\"@id\":\"https:\\\/\\\/www.latribunedeplanas.com\\\/en\\\/#organization\",\"name\":\"Vecinos de Planes del Rei (SOSPlanes)\",\"url\":\"https:\\\/\\\/www.latribunedeplanas.com\\\/en\\\/\",\"logo\":{\"@type\":\"ImageObject\",\"inLanguage\":\"en-US\",\"@id\":\"https:\\\/\\\/www.latribunedeplanas.com\\\/en\\\/#\\\/schema\\\/logo\\\/image\\\/\",\"url\":\"https:\\\/\\\/www.latribunedeplanas.com\\\/wp-content\\\/uploads\\\/2021\\\/11\\\/logo-sos-planas-0.png\",\"contentUrl\":\"https:\\\/\\\/www.latribunedeplanas.com\\\/wp-content\\\/uploads\\\/2021\\\/11\\\/logo-sos-planas-0.png\",\"width\":600,\"height\":400,\"caption\":\"Vecinos de Planes del Rei (SOSPlanes)\"},\"image\":{\"@id\":\"https:\\\/\\\/www.latribunedeplanas.com\\\/en\\\/#\\\/schema\\\/logo\\\/image\\\/\"},\"sameAs\":[\"https:\\\/\\\/www.facebook.com\\\/groups\\\/1220895301376005\\\/\",\"https:\\\/\\\/www.instagram.com\\\/lasplanasdelrey\\\/\"]},{\"@type\":\"Person\",\"@id\":\"https:\\\/\\\/www.latribunedeplanas.com\\\/en\\\/#\\\/schema\\\/person\\\/590a87318688792f18d8e1c983528bc8\",\"name\":\"Jim\",\"image\":{\"@type\":\"ImageObject\",\"inLanguage\":\"en-US\",\"@id\":\"https:\\\/\\\/secure.gravatar.com\\\/avatar\\\/5a89228fd282eb9ee33a60b4ff06f9c31751866f1fb91ca56263af0968354113?s=96&d=mm&r=g\",\"url\":\"https:\\\/\\\/secure.gravatar.com\\\/avatar\\\/5a89228fd282eb9ee33a60b4ff06f9c31751866f1fb91ca56263af0968354113?s=96&d=mm&r=g\",\"contentUrl\":\"https:\\\/\\\/secure.gravatar.com\\\/avatar\\\/5a89228fd282eb9ee33a60b4ff06f9c31751866f1fb91ca56263af0968354113?s=96&d=mm&r=g\",\"caption\":\"Jim\"},\"sameAs\":[\"https:\\\/\\\/www.creawebsite.be\\\/\",\"https:\\\/\\\/www.facebook.com\\\/Creawebsite-113915200150984\",\"https:\\\/\\\/www.instagram.com\\\/creawebsite.be\\\/\",\"https:\\\/\\\/www.linkedin.com\\\/in\\\/jean-marc-delchef\\\/\"]}]}<\/script>\n<!-- \/ Yoast SEO plugin. -->","yoast_head_json":{"title":"September 21, 1968: Transfer of Common Areas of Planas del Rey to the Pratdip Town Hall - La Tribune de Planas","description":"1968 letter offering to transfer Planas del Rey\u2019s roads, networks, and public services to Pratdip Town Hall for municipal management.","robots":{"index":"index","follow":"follow","max-snippet":"max-snippet:-1","max-image-preview":"max-image-preview:large","max-video-preview":"max-video-preview:-1"},"canonical":"https:\/\/www.latribunedeplanas.com\/en\/september-21-1968-transfer-of-common-areas-of-planas-del-rey-to-the-pratdip-town-hall\/","og_locale":"en_US","og_type":"article","og_title":"September 21, 1968: Transfer of Common Areas of Planas del Rey to the Pratdip Town Hall - La Tribune de Planas","og_description":"1968 letter offering to transfer Planas del Rey\u2019s roads, networks, and public services to Pratdip Town Hall for municipal management.","og_url":"https:\/\/www.latribunedeplanas.com\/en\/september-21-1968-transfer-of-common-areas-of-planas-del-rey-to-the-pratdip-town-hall\/","og_site_name":"La Tribune de Planas","article_publisher":"https:\/\/www.facebook.com\/groups\/1220895301376005\/","article_author":"https:\/\/www.facebook.com\/Creawebsite-113915200150984","article_published_time":"1968-09-21T17:19:57+00:00","article_modified_time":"2025-08-15T11:28:17+00:00","author":"Jim","twitter_card":"summary_large_image","twitter_misc":{"Written by":"Jim","Est. reading time":"3 minutes"},"schema":{"@context":"https:\/\/schema.org","@graph":[{"@type":"Article","@id":"https:\/\/www.latribunedeplanas.com\/en\/september-21-1968-transfer-of-common-areas-of-planas-del-rey-to-the-pratdip-town-hall\/#article","isPartOf":{"@id":"https:\/\/www.latribunedeplanas.com\/en\/september-21-1968-transfer-of-common-areas-of-planas-del-rey-to-the-pratdip-town-hall\/"},"author":{"name":"Jim","@id":"https:\/\/www.latribunedeplanas.com\/en\/#\/schema\/person\/590a87318688792f18d8e1c983528bc8"},"headline":"September 21, 1968: Transfer of Common Areas of Planas del Rey to the Pratdip Town Hall","datePublished":"1968-09-21T17:19:57+00:00","dateModified":"2025-08-15T11:28:17+00:00","mainEntityOfPage":{"@id":"https:\/\/www.latribunedeplanas.com\/en\/september-21-1968-transfer-of-common-areas-of-planas-del-rey-to-the-pratdip-town-hall\/"},"wordCount":701,"publisher":{"@id":"https:\/\/www.latribunedeplanas.com\/en\/#organization"},"articleSection":["Documents"],"inLanguage":"en-US"},{"@type":"WebPage","@id":"https:\/\/www.latribunedeplanas.com\/en\/september-21-1968-transfer-of-common-areas-of-planas-del-rey-to-the-pratdip-town-hall\/","url":"https:\/\/www.latribunedeplanas.com\/en\/september-21-1968-transfer-of-common-areas-of-planas-del-rey-to-the-pratdip-town-hall\/","name":"September 21, 1968: Transfer of Common Areas of Planas del Rey to the Pratdip Town Hall - La Tribune de Planas","isPartOf":{"@id":"https:\/\/www.latribunedeplanas.com\/en\/#website"},"datePublished":"1968-09-21T17:19:57+00:00","dateModified":"2025-08-15T11:28:17+00:00","description":"1968 letter offering to transfer Planas del Rey\u2019s roads, networks, and public services to Pratdip Town Hall for municipal management.","breadcrumb":{"@id":"https:\/\/www.latribunedeplanas.com\/en\/september-21-1968-transfer-of-common-areas-of-planas-del-rey-to-the-pratdip-town-hall\/#breadcrumb"},"inLanguage":"en-US","potentialAction":[{"@type":"ReadAction","target":["https:\/\/www.latribunedeplanas.com\/en\/september-21-1968-transfer-of-common-areas-of-planas-del-rey-to-the-pratdip-town-hall\/"]}]},{"@type":"BreadcrumbList","@id":"https:\/\/www.latribunedeplanas.com\/en\/september-21-1968-transfer-of-common-areas-of-planas-del-rey-to-the-pratdip-town-hall\/#breadcrumb","itemListElement":[{"@type":"ListItem","position":1,"name":"Accueil","item":"https:\/\/www.latribunedeplanas.com\/en\/"},{"@type":"ListItem","position":2,"name":"September 21, 1968: Transfer of Common Areas of Planas del Rey to the Pratdip Town Hall"}]},{"@type":"WebSite","@id":"https:\/\/www.latribunedeplanas.com\/en\/#website","url":"https:\/\/www.latribunedeplanas.com\/en\/","name":"La Tribune de Planas","description":"Las Planas del Rey \u2013 Urbanisation of the municipality of Pratdip","publisher":{"@id":"https:\/\/www.latribunedeplanas.com\/en\/#organization"},"potentialAction":[{"@type":"SearchAction","target":{"@type":"EntryPoint","urlTemplate":"https:\/\/www.latribunedeplanas.com\/en\/?s={search_term_string}"},"query-input":{"@type":"PropertyValueSpecification","valueRequired":true,"valueName":"search_term_string"}}],"inLanguage":"en-US"},{"@type":"Organization","@id":"https:\/\/www.latribunedeplanas.com\/en\/#organization","name":"Vecinos de Planes del Rei (SOSPlanes)","url":"https:\/\/www.latribunedeplanas.com\/en\/","logo":{"@type":"ImageObject","inLanguage":"en-US","@id":"https:\/\/www.latribunedeplanas.com\/en\/#\/schema\/logo\/image\/","url":"https:\/\/www.latribunedeplanas.com\/wp-content\/uploads\/2021\/11\/logo-sos-planas-0.png","contentUrl":"https:\/\/www.latribunedeplanas.com\/wp-content\/uploads\/2021\/11\/logo-sos-planas-0.png","width":600,"height":400,"caption":"Vecinos de Planes del Rei (SOSPlanes)"},"image":{"@id":"https:\/\/www.latribunedeplanas.com\/en\/#\/schema\/logo\/image\/"},"sameAs":["https:\/\/www.facebook.com\/groups\/1220895301376005\/","https:\/\/www.instagram.com\/lasplanasdelrey\/"]},{"@type":"Person","@id":"https:\/\/www.latribunedeplanas.com\/en\/#\/schema\/person\/590a87318688792f18d8e1c983528bc8","name":"Jim","image":{"@type":"ImageObject","inLanguage":"en-US","@id":"https:\/\/secure.gravatar.com\/avatar\/5a89228fd282eb9ee33a60b4ff06f9c31751866f1fb91ca56263af0968354113?s=96&d=mm&r=g","url":"https:\/\/secure.gravatar.com\/avatar\/5a89228fd282eb9ee33a60b4ff06f9c31751866f1fb91ca56263af0968354113?s=96&d=mm&r=g","contentUrl":"https:\/\/secure.gravatar.com\/avatar\/5a89228fd282eb9ee33a60b4ff06f9c31751866f1fb91ca56263af0968354113?s=96&d=mm&r=g","caption":"Jim"},"sameAs":["https:\/\/www.creawebsite.be\/","https:\/\/www.facebook.com\/Creawebsite-113915200150984","https:\/\/www.instagram.com\/creawebsite.be\/","https:\/\/www.linkedin.com\/in\/jean-marc-delchef\/"]}]}},"_links":{"self":[{"href":"https:\/\/www.latribunedeplanas.com\/en\/wp-json\/wp\/v2\/posts\/27581","targetHints":{"allow":["GET"]}}],"collection":[{"href":"https:\/\/www.latribunedeplanas.com\/en\/wp-json\/wp\/v2\/posts"}],"about":[{"href":"https:\/\/www.latribunedeplanas.com\/en\/wp-json\/wp\/v2\/types\/post"}],"author":[{"embeddable":true,"href":"https:\/\/www.latribunedeplanas.com\/en\/wp-json\/wp\/v2\/users\/1"}],"replies":[{"embeddable":true,"href":"https:\/\/www.latribunedeplanas.com\/en\/wp-json\/wp\/v2\/comments?post=27581"}],"version-history":[{"count":5,"href":"https:\/\/www.latribunedeplanas.com\/en\/wp-json\/wp\/v2\/posts\/27581\/revisions"}],"predecessor-version":[{"id":27892,"href":"https:\/\/www.latribunedeplanas.com\/en\/wp-json\/wp\/v2\/posts\/27581\/revisions\/27892"}],"wp:attachment":[{"href":"https:\/\/www.latribunedeplanas.com\/en\/wp-json\/wp\/v2\/media?parent=27581"}],"wp:term":[{"taxonomy":"category","embeddable":true,"href":"https:\/\/www.latribunedeplanas.com\/en\/wp-json\/wp\/v2\/categories?post=27581"},{"taxonomy":"post_tag","embeddable":true,"href":"https:\/\/www.latribunedeplanas.com\/en\/wp-json\/wp\/v2\/tags?post=27581"}],"curies":[{"name":"wp","href":"https:\/\/api.w.org\/{rel}","templated":true}]}}