{"id":21078,"date":"2022-07-21T11:37:45","date_gmt":"2022-07-21T09:37:45","guid":{"rendered":"https:\/\/www.latribunedeplanas.com\/?p=21078"},"modified":"2025-08-08T22:26:56","modified_gmt":"2025-08-08T20:26:56","slug":"unidos-and-the-new-community","status":"publish","type":"post","link":"https:\/\/www.latribunedeplanas.com\/en\/unidos-and-the-new-community\/","title":{"rendered":"UNIDOS and the new community"},"content":{"rendered":"<p>[et_pb_section fb_built=&#8221;1&#8243; admin_label=&#8221;Section-Article&#8221; module_class=&#8221;section-article&#8221; _builder_version=&#8221;4.16&#8243; custom_margin=&#8221;0px|0px|0px|0px&#8221; custom_padding=&#8221;0px|0px|0px|0px&#8221; global_colors_info=&#8221;{}&#8221;][et_pb_row use_custom_gutter=&#8221;on&#8221; gutter_width=&#8221;1&#8243; admin_label=&#8221;Ligne-Article&#8221; module_class=&#8221;ligne-article et_pb_row_fullwidth&#8221; _builder_version=&#8221;4.16&#8243; width=&#8221;100%&#8221; width_tablet=&#8221;100%&#8221; width_phone=&#8221;&#8221; width_last_edited=&#8221;on|desktop&#8221; max_width=&#8221;100%&#8221; max_width_tablet=&#8221;100%&#8221; max_width_phone=&#8221;&#8221; max_width_last_edited=&#8221;on|desktop&#8221; custom_margin=&#8221;0px||0px&#8221; custom_padding=&#8221;0px||0px&#8221; make_fullwidth=&#8221;on&#8221; global_colors_info=&#8221;{}&#8221;][et_pb_column type=&#8221;4_4&#8243; _builder_version=&#8221;4.16&#8243; custom_padding=&#8221;|||&#8221; global_colors_info=&#8221;{}&#8221; custom_padding__hover=&#8221;|||&#8221;][et_pb_text admin_label=&#8221;Texte-UNIDOS and the new community&#8221; module_class=&#8221;txt-article&#8221; _builder_version=&#8221;4.27.4&#8243; text_font=&#8221;|300|||||||&#8221; header_font=&#8221;||||||||&#8221; header_2_line_height=&#8221;1.2em&#8221; header_3_font=&#8221;||||||||&#8221; header_3_line_height=&#8221;1.3em&#8221; header_4_text_align=&#8221;center&#8221; hover_enabled=&#8221;0&#8243; text_line_height_tablet=&#8221;&#8221; text_line_height_phone=&#8221;1.3em&#8221; text_line_height_last_edited=&#8221;on|desktop&#8221; header_2_font_size_tablet=&#8221;&#8221; header_2_font_size_phone=&#8221;&#8221; header_2_font_size_last_edited=&#8221;on|phone&#8221; header_3_font_size_tablet=&#8221;&#8221; header_3_font_size_phone=&#8221;23px&#8221; header_3_font_size_last_edited=&#8221;on|desktop&#8221; global_colors_info=&#8221;{}&#8221; sticky_enabled=&#8221;0&#8243;]<\/p>\n<h2>A new plea in favor of a \u201ccommunity of property owners\u201d<\/h2>\n<p>Dear members, dear supporters, dear property owners of Planas del Rey,<\/p>\n<p>A member of the group <span class=\"accentue\">Unidos Planes del Rei<\/span> recently published a text calling for the creation of a <span class=\"accentue\">community of property owners<\/span> in Planas del Rey.<\/p>\n<p>For more than ten years, we have rarely agreed with this association, and once again, we wish to respond calmly, <span class=\"accentue\">as long as our freedom of expression is not silenced by repeated legal threats<\/span>.<\/p>\n<hr style=\"margin-bottom: 30px;\" \/>\n<h2>1. \u201cThe community would not be in charge of maintaining Planas\u201d<\/h2>\n<p>You claim that this new community <span class=\"accentue\">would not be responsible for maintaining Planas<\/span>, unlike the former EUCC, and that this would be clearly stated in its bylaws.<\/p>\n<p>Since 2013, your positions have changed so many times that many people doubt your consistency. And even if we still make the effort to believe you, <span class=\"accentue\">your closeness to the Town Hall<\/span> raises questions.<\/p>\n<p>The same Town Hall has just <span class=\"accentue\">approved the reparcelaci\u00f3n project once again<\/span>. Let\u2019s wait and see what the Falset Registry decides\u2026<\/p>\n<hr style=\"margin-bottom: 30px;\" \/>\n<h2>2. \u201cCreating a community is normal when there are shared elements\u201d<\/h2>\n<p><span class=\"accentue\">FALSE<\/span>.<\/p>\n<p>In L\u2019Hospitalet de l\u2019Infant, Mont-roig del Camp, Cambrils\u2026 there are many shared elements, <span class=\"accentue\">yet no community of property owners has ever been imposed<\/span>.<\/p>\n<p>In Planas, <span class=\"accentue\">we own our houses<\/span> and nothing more. <span class=\"accentue\">We are not co-owners or timeshare owners<\/span>.<\/p>\n<p>The <span class=\"accentue\">green areas, roads, pools, and infrastructure<\/span> (representing 45% of the territory) are owned by the Town Hall.<\/p>\n<p><span class=\"accentue\">We are not a private urbanization<\/span>.<\/p>\n<hr style=\"margin-bottom: 30px;\" \/>\n<h2>3. \u201cThe community would democratically represent all owners\u201d<\/h2>\n<p>This would be a luxury of democracy: the ability to choose between different structures to represent residents.<\/p>\n<p>Some will choose <span class=\"accentue\">AVPR \u2013 SOS Planas<\/span>, convinced by <span class=\"accentue\">our legal victories over the past 12 years<\/span>.<\/p>\n<p>Others will prefer <span class=\"accentue\">Unidos<\/span>, believing that a <span class=\"accentue\">nice meal with friends<\/span> is enough to solve Planas\u2019 problems \u2013 despite <span class=\"accentue\">the lack of results since 2013<\/span>.<\/p>\n<p>And when municipal elections come, we will all be able to vote for our party: <span class=\"accentue\">Avan\u00e7a Pratdip<\/span>, and support our <span class=\"accentue\">brave councillors (regidores)<\/span>, hoping to see them one day achieve a majority.<\/p>\n<p>But what you propose is <span class=\"accentue\">the end of pluralism<\/span>. It\u2019s a <span class=\"accentue\">single party system<\/span>, the gateway to all dictatorships.<\/p>\n<hr style=\"margin-bottom: 30px;\" \/>\n<h2>4. \u201cA stronger force against the Town Hall\u201d<\/h2>\n<p>The only <span class=\"accentue\">force the Town Hall recognizes<\/span> is <span class=\"accentue\">justice<\/span>.<\/p>\n<p>Without the <span class=\"accentue\">ruling of July 21, 2016<\/span>, we would still be paying taxes to the EUCC \u2014 around <span class=\"accentue\">\u20ac1,200 per house<\/span>, plus water and waste fees.<\/p>\n<p>The EUCC\u2019s annual budget exceeded <span class=\"accentue\">\u20ac230,000<\/span>, amounting to nearly <span class=\"accentue\">\u20ac1.4 million saved since 2016<\/span>.<\/p>\n<hr style=\"margin-bottom: 30px;\" \/>\n<h2>5. \u201cAn association cannot represent all property owners\u201d<\/h2>\n<p><span class=\"accentue\">COMPLETELY FALSE<\/span>.<\/p>\n<p>The <span class=\"accentue\">Asociaci\u00f3n de Vecinos de Planes del Rei (SOS Planas)<\/span>:<\/p>\n<ul>\n<li>was <span class=\"accentue\">legally created 11 years ago<\/span><\/li>\n<li>has <span class=\"accentue\">statutes drafted by a legal professional<\/span><\/li>\n<li>was <span class=\"accentue\">published in the BOE<\/span>, in accordance with democratic principles<\/li>\n<\/ul>\n<p><span class=\"accentue\">All property owners<\/span> in Planas are eligible to join, and may be elected <span class=\"accentue\">board member, treasurer, secretary, vice-president or president<\/span>.<\/p>\n<p>In 2018, the Town Hall tried to exclude SOS Planas from the enforcement procedure related to the July 21, 2016 ruling.<\/p>\n<p>The <span class=\"accentue\">High Court of Justice of Catalonia<\/span> ruled on <span class=\"accentue\">January 31, 2020<\/span> that our association is <span class=\"accentue\">representative<\/span> and fully legitimate.<\/p>\n<hr style=\"margin-bottom: 30px;\" \/>\n<h2>Conclusion: the fight continues<\/h2>\n<p>This is a difficult challenge to face alone. But if we don\u2019t rise to it, <span class=\"accentue\">Planas\u2019 urbanization will end in failure<\/span>.<\/p>\n<p>The Town Hall, through its Mayor, has <span class=\"accentue\">always refused to comply with the law<\/span>:<\/p>\n<ul>\n<li><span class=\"accentue\">the EUCC has still not been liquidated<\/span><\/li>\n<li>the <span class=\"accentue\">courts have stated clearly<\/span> that the Town Hall was its <span class=\"accentue\">administrative authority<\/span><\/li>\n<li>it still <span class=\"accentue\">refuses to provide minimum public services<\/span><\/li>\n<li>it seeks to impose <span class=\"accentue\">reurbanization works<\/span> 100% paid by the owners, under <span class=\"accentue\">illegal and unacceptable conditions<\/span><\/li>\n<\/ul>\n<p>This is why, in consultation with our lawyer, <span class=\"accentue\">we have decided to take the matter to the criminal court<\/span>.<\/p>\n<p><span class=\"accentue\">For the Asociaci\u00f3n de Vecinos de Planes del Rei (SOS Planas)<br \/>President, G\u00e9rard Marais<\/span><\/p>\n<p>[\/et_pb_text][et_pb_text admin_label=&#8221;Texte-Lien&#8221; module_class=&#8221;txt-article&#8221; _builder_version=&#8221;4.27.4&#8243; text_font=&#8221;|300|||||||&#8221; header_font=&#8221;||||||||&#8221; header_2_line_height=&#8221;1.2em&#8221; header_3_font=&#8221;||||||||&#8221; header_3_line_height=&#8221;1.3em&#8221; header_4_text_align=&#8221;center&#8221; custom_padding=&#8221;30px||||false|false&#8221; hover_enabled=&#8221;0&#8243; text_line_height_tablet=&#8221;&#8221; text_line_height_phone=&#8221;1.3em&#8221; text_line_height_last_edited=&#8221;on|desktop&#8221; header_2_font_size_tablet=&#8221;&#8221; header_2_font_size_phone=&#8221;&#8221; header_2_font_size_last_edited=&#8221;on|phone&#8221; header_3_font_size_tablet=&#8221;&#8221; header_3_font_size_phone=&#8221;23px&#8221; header_3_font_size_last_edited=&#8221;on|desktop&#8221; locked=&#8221;off&#8221; global_colors_info=&#8221;{}&#8221; sticky_enabled=&#8221;0&#8243;]<\/p>\n<p><a href=\"https:\/\/www.latribunedeplanas.com\/en\/court-response-to-our-criminal-complaint\/\">&#8211; Lire aussi: R\u00e9ponse du tribunal suite \u00e0 notre plainte au p\u00e9nal<\/a><\/p>\n<p>[\/et_pb_text][\/et_pb_column][\/et_pb_row][\/et_pb_section]<\/p>\n","protected":false},"excerpt":{"rendered":"<p>A new plea in favor of a \u201ccommunity of property owners\u201d Dear members, dear supporters, dear property owners of Planas del Rey, A member of the group Unidos Planes del Rei recently published a text calling for the creation of a community of property owners in Planas del Rey. For more than ten years, we [&hellip;]<\/p>\n","protected":false},"author":1,"featured_media":21065,"comment_status":"closed","ping_status":"closed","sticky":false,"template":"","format":"standard","meta":{"_et_pb_use_builder":"on","_et_pb_old_content":"","_et_gb_content_width":"","footnotes":""},"categories":[207],"tags":[],"class_list":["post-21078","post","type-post","status-publish","format-standard","has-post-thumbnail","hentry","category-articles-for-2021-and-2022"],"yoast_head":"<!-- This site is optimized with the Yoast SEO plugin v27.5 - https:\/\/yoast.com\/product\/yoast-seo-wordpress\/ -->\n<title>UNIDOS and the new community - La Tribune de Planas<\/title>\n<meta name=\"description\" content=\"SOS Planas responds point by point to Unidos\u2019 proposal. A new property owners\u2019 community? A false solution to a real problem.\" \/>\n<meta name=\"robots\" content=\"index, follow, max-snippet:-1, max-image-preview:large, max-video-preview:-1\" \/>\n<link rel=\"canonical\" href=\"https:\/\/www.latribunedeplanas.com\/en\/unidos-and-the-new-community\/\" \/>\n<meta property=\"og:locale\" content=\"en_US\" \/>\n<meta property=\"og:type\" content=\"article\" \/>\n<meta property=\"og:title\" content=\"UNIDOS and the new community - La Tribune de Planas\" \/>\n<meta property=\"og:description\" content=\"SOS Planas responds point by point to Unidos\u2019 proposal. A new property owners\u2019 community? A false solution to a real problem.\" \/>\n<meta property=\"og:url\" content=\"https:\/\/www.latribunedeplanas.com\/en\/unidos-and-the-new-community\/\" \/>\n<meta property=\"og:site_name\" content=\"La Tribune de Planas\" \/>\n<meta property=\"article:publisher\" content=\"https:\/\/www.facebook.com\/groups\/1220895301376005\/\" \/>\n<meta property=\"article:author\" content=\"https:\/\/www.facebook.com\/Creawebsite-113915200150984\" \/>\n<meta property=\"article:published_time\" content=\"2022-07-21T09:37:45+00:00\" \/>\n<meta property=\"article:modified_time\" content=\"2025-08-08T20:26:56+00:00\" \/>\n<meta property=\"og:image\" content=\"https:\/\/www.latribunedeplanas.com\/wp-content\/uploads\/2022\/07\/andy-warhol-mao.jpg\" \/>\n\t<meta property=\"og:image:width\" content=\"1080\" \/>\n\t<meta property=\"og:image:height\" content=\"700\" \/>\n\t<meta property=\"og:image:type\" content=\"image\/jpeg\" \/>\n<meta name=\"author\" content=\"Jim\" \/>\n<meta name=\"twitter:card\" content=\"summary_large_image\" \/>\n<meta name=\"twitter:label1\" content=\"Written by\" \/>\n\t<meta name=\"twitter:data1\" content=\"Jim\" \/>\n\t<meta name=\"twitter:label2\" content=\"Est. reading time\" \/>\n\t<meta name=\"twitter:data2\" content=\"4 minutes\" \/>\n<script type=\"application\/ld+json\" class=\"yoast-schema-graph\">{\"@context\":\"https:\\\/\\\/schema.org\",\"@graph\":[{\"@type\":\"Article\",\"@id\":\"https:\\\/\\\/www.latribunedeplanas.com\\\/en\\\/unidos-and-the-new-community\\\/#article\",\"isPartOf\":{\"@id\":\"https:\\\/\\\/www.latribunedeplanas.com\\\/en\\\/unidos-and-the-new-community\\\/\"},\"author\":{\"name\":\"Jim\",\"@id\":\"https:\\\/\\\/www.latribunedeplanas.com\\\/en\\\/#\\\/schema\\\/person\\\/590a87318688792f18d8e1c983528bc8\"},\"headline\":\"UNIDOS and the new community\",\"datePublished\":\"2022-07-21T09:37:45+00:00\",\"dateModified\":\"2025-08-08T20:26:56+00:00\",\"mainEntityOfPage\":{\"@id\":\"https:\\\/\\\/www.latribunedeplanas.com\\\/en\\\/unidos-and-the-new-community\\\/\"},\"wordCount\":943,\"publisher\":{\"@id\":\"https:\\\/\\\/www.latribunedeplanas.com\\\/en\\\/#organization\"},\"image\":{\"@id\":\"https:\\\/\\\/www.latribunedeplanas.com\\\/en\\\/unidos-and-the-new-community\\\/#primaryimage\"},\"thumbnailUrl\":\"https:\\\/\\\/www.latribunedeplanas.com\\\/wp-content\\\/uploads\\\/2022\\\/07\\\/andy-warhol-mao.jpg\",\"articleSection\":[\"Articles for 2021 and 2022\"],\"inLanguage\":\"en-US\"},{\"@type\":\"WebPage\",\"@id\":\"https:\\\/\\\/www.latribunedeplanas.com\\\/en\\\/unidos-and-the-new-community\\\/\",\"url\":\"https:\\\/\\\/www.latribunedeplanas.com\\\/en\\\/unidos-and-the-new-community\\\/\",\"name\":\"UNIDOS and the new community - La Tribune de Planas\",\"isPartOf\":{\"@id\":\"https:\\\/\\\/www.latribunedeplanas.com\\\/en\\\/#website\"},\"primaryImageOfPage\":{\"@id\":\"https:\\\/\\\/www.latribunedeplanas.com\\\/en\\\/unidos-and-the-new-community\\\/#primaryimage\"},\"image\":{\"@id\":\"https:\\\/\\\/www.latribunedeplanas.com\\\/en\\\/unidos-and-the-new-community\\\/#primaryimage\"},\"thumbnailUrl\":\"https:\\\/\\\/www.latribunedeplanas.com\\\/wp-content\\\/uploads\\\/2022\\\/07\\\/andy-warhol-mao.jpg\",\"datePublished\":\"2022-07-21T09:37:45+00:00\",\"dateModified\":\"2025-08-08T20:26:56+00:00\",\"description\":\"SOS Planas responds point by point to Unidos\u2019 proposal. A new property owners\u2019 community? A false solution to a real problem.\",\"breadcrumb\":{\"@id\":\"https:\\\/\\\/www.latribunedeplanas.com\\\/en\\\/unidos-and-the-new-community\\\/#breadcrumb\"},\"inLanguage\":\"en-US\",\"potentialAction\":[{\"@type\":\"ReadAction\",\"target\":[\"https:\\\/\\\/www.latribunedeplanas.com\\\/en\\\/unidos-and-the-new-community\\\/\"]}]},{\"@type\":\"ImageObject\",\"inLanguage\":\"en-US\",\"@id\":\"https:\\\/\\\/www.latribunedeplanas.com\\\/en\\\/unidos-and-the-new-community\\\/#primaryimage\",\"url\":\"https:\\\/\\\/www.latribunedeplanas.com\\\/wp-content\\\/uploads\\\/2022\\\/07\\\/andy-warhol-mao.jpg\",\"contentUrl\":\"https:\\\/\\\/www.latribunedeplanas.com\\\/wp-content\\\/uploads\\\/2022\\\/07\\\/andy-warhol-mao.jpg\",\"width\":1080,\"height\":700,\"caption\":\"Andy Warhol, Mao\"},{\"@type\":\"BreadcrumbList\",\"@id\":\"https:\\\/\\\/www.latribunedeplanas.com\\\/en\\\/unidos-and-the-new-community\\\/#breadcrumb\",\"itemListElement\":[{\"@type\":\"ListItem\",\"position\":1,\"name\":\"Accueil\",\"item\":\"https:\\\/\\\/www.latribunedeplanas.com\\\/en\\\/\"},{\"@type\":\"ListItem\",\"position\":2,\"name\":\"UNIDOS and the new community\"}]},{\"@type\":\"WebSite\",\"@id\":\"https:\\\/\\\/www.latribunedeplanas.com\\\/en\\\/#website\",\"url\":\"https:\\\/\\\/www.latribunedeplanas.com\\\/en\\\/\",\"name\":\"La Tribune de Planas\",\"description\":\"Las Planas del Rey \u2013 Urbanisation of the municipality of Pratdip\",\"publisher\":{\"@id\":\"https:\\\/\\\/www.latribunedeplanas.com\\\/en\\\/#organization\"},\"potentialAction\":[{\"@type\":\"SearchAction\",\"target\":{\"@type\":\"EntryPoint\",\"urlTemplate\":\"https:\\\/\\\/www.latribunedeplanas.com\\\/en\\\/?s={search_term_string}\"},\"query-input\":{\"@type\":\"PropertyValueSpecification\",\"valueRequired\":true,\"valueName\":\"search_term_string\"}}],\"inLanguage\":\"en-US\"},{\"@type\":\"Organization\",\"@id\":\"https:\\\/\\\/www.latribunedeplanas.com\\\/en\\\/#organization\",\"name\":\"Vecinos de Planes del Rei (SOSPlanes)\",\"url\":\"https:\\\/\\\/www.latribunedeplanas.com\\\/en\\\/\",\"logo\":{\"@type\":\"ImageObject\",\"inLanguage\":\"en-US\",\"@id\":\"https:\\\/\\\/www.latribunedeplanas.com\\\/en\\\/#\\\/schema\\\/logo\\\/image\\\/\",\"url\":\"https:\\\/\\\/www.latribunedeplanas.com\\\/wp-content\\\/uploads\\\/2021\\\/11\\\/logo-sos-planas-0.png\",\"contentUrl\":\"https:\\\/\\\/www.latribunedeplanas.com\\\/wp-content\\\/uploads\\\/2021\\\/11\\\/logo-sos-planas-0.png\",\"width\":600,\"height\":400,\"caption\":\"Vecinos de Planes del Rei (SOSPlanes)\"},\"image\":{\"@id\":\"https:\\\/\\\/www.latribunedeplanas.com\\\/en\\\/#\\\/schema\\\/logo\\\/image\\\/\"},\"sameAs\":[\"https:\\\/\\\/www.facebook.com\\\/groups\\\/1220895301376005\\\/\",\"https:\\\/\\\/www.instagram.com\\\/lasplanasdelrey\\\/\"]},{\"@type\":\"Person\",\"@id\":\"https:\\\/\\\/www.latribunedeplanas.com\\\/en\\\/#\\\/schema\\\/person\\\/590a87318688792f18d8e1c983528bc8\",\"name\":\"Jim\",\"image\":{\"@type\":\"ImageObject\",\"inLanguage\":\"en-US\",\"@id\":\"https:\\\/\\\/secure.gravatar.com\\\/avatar\\\/5a89228fd282eb9ee33a60b4ff06f9c31751866f1fb91ca56263af0968354113?s=96&d=mm&r=g\",\"url\":\"https:\\\/\\\/secure.gravatar.com\\\/avatar\\\/5a89228fd282eb9ee33a60b4ff06f9c31751866f1fb91ca56263af0968354113?s=96&d=mm&r=g\",\"contentUrl\":\"https:\\\/\\\/secure.gravatar.com\\\/avatar\\\/5a89228fd282eb9ee33a60b4ff06f9c31751866f1fb91ca56263af0968354113?s=96&d=mm&r=g\",\"caption\":\"Jim\"},\"sameAs\":[\"https:\\\/\\\/www.creawebsite.be\\\/\",\"https:\\\/\\\/www.facebook.com\\\/Creawebsite-113915200150984\",\"https:\\\/\\\/www.instagram.com\\\/creawebsite.be\\\/\",\"https:\\\/\\\/www.linkedin.com\\\/in\\\/jean-marc-delchef\\\/\"]}]}<\/script>\n<!-- \/ Yoast SEO plugin. -->","yoast_head_json":{"title":"UNIDOS and the new community - La Tribune de Planas","description":"SOS Planas responds point by point to Unidos\u2019 proposal. A new property owners\u2019 community? A false solution to a real problem.","robots":{"index":"index","follow":"follow","max-snippet":"max-snippet:-1","max-image-preview":"max-image-preview:large","max-video-preview":"max-video-preview:-1"},"canonical":"https:\/\/www.latribunedeplanas.com\/en\/unidos-and-the-new-community\/","og_locale":"en_US","og_type":"article","og_title":"UNIDOS and the new community - La Tribune de Planas","og_description":"SOS Planas responds point by point to Unidos\u2019 proposal. A new property owners\u2019 community? A false solution to a real problem.","og_url":"https:\/\/www.latribunedeplanas.com\/en\/unidos-and-the-new-community\/","og_site_name":"La Tribune de Planas","article_publisher":"https:\/\/www.facebook.com\/groups\/1220895301376005\/","article_author":"https:\/\/www.facebook.com\/Creawebsite-113915200150984","article_published_time":"2022-07-21T09:37:45+00:00","article_modified_time":"2025-08-08T20:26:56+00:00","og_image":[{"width":1080,"height":700,"url":"https:\/\/www.latribunedeplanas.com\/wp-content\/uploads\/2022\/07\/andy-warhol-mao.jpg","type":"image\/jpeg"}],"author":"Jim","twitter_card":"summary_large_image","twitter_misc":{"Written by":"Jim","Est. reading time":"4 minutes"},"schema":{"@context":"https:\/\/schema.org","@graph":[{"@type":"Article","@id":"https:\/\/www.latribunedeplanas.com\/en\/unidos-and-the-new-community\/#article","isPartOf":{"@id":"https:\/\/www.latribunedeplanas.com\/en\/unidos-and-the-new-community\/"},"author":{"name":"Jim","@id":"https:\/\/www.latribunedeplanas.com\/en\/#\/schema\/person\/590a87318688792f18d8e1c983528bc8"},"headline":"UNIDOS and the new community","datePublished":"2022-07-21T09:37:45+00:00","dateModified":"2025-08-08T20:26:56+00:00","mainEntityOfPage":{"@id":"https:\/\/www.latribunedeplanas.com\/en\/unidos-and-the-new-community\/"},"wordCount":943,"publisher":{"@id":"https:\/\/www.latribunedeplanas.com\/en\/#organization"},"image":{"@id":"https:\/\/www.latribunedeplanas.com\/en\/unidos-and-the-new-community\/#primaryimage"},"thumbnailUrl":"https:\/\/www.latribunedeplanas.com\/wp-content\/uploads\/2022\/07\/andy-warhol-mao.jpg","articleSection":["Articles for 2021 and 2022"],"inLanguage":"en-US"},{"@type":"WebPage","@id":"https:\/\/www.latribunedeplanas.com\/en\/unidos-and-the-new-community\/","url":"https:\/\/www.latribunedeplanas.com\/en\/unidos-and-the-new-community\/","name":"UNIDOS and the new community - La Tribune de Planas","isPartOf":{"@id":"https:\/\/www.latribunedeplanas.com\/en\/#website"},"primaryImageOfPage":{"@id":"https:\/\/www.latribunedeplanas.com\/en\/unidos-and-the-new-community\/#primaryimage"},"image":{"@id":"https:\/\/www.latribunedeplanas.com\/en\/unidos-and-the-new-community\/#primaryimage"},"thumbnailUrl":"https:\/\/www.latribunedeplanas.com\/wp-content\/uploads\/2022\/07\/andy-warhol-mao.jpg","datePublished":"2022-07-21T09:37:45+00:00","dateModified":"2025-08-08T20:26:56+00:00","description":"SOS Planas responds point by point to Unidos\u2019 proposal. A new property owners\u2019 community? A false solution to a real problem.","breadcrumb":{"@id":"https:\/\/www.latribunedeplanas.com\/en\/unidos-and-the-new-community\/#breadcrumb"},"inLanguage":"en-US","potentialAction":[{"@type":"ReadAction","target":["https:\/\/www.latribunedeplanas.com\/en\/unidos-and-the-new-community\/"]}]},{"@type":"ImageObject","inLanguage":"en-US","@id":"https:\/\/www.latribunedeplanas.com\/en\/unidos-and-the-new-community\/#primaryimage","url":"https:\/\/www.latribunedeplanas.com\/wp-content\/uploads\/2022\/07\/andy-warhol-mao.jpg","contentUrl":"https:\/\/www.latribunedeplanas.com\/wp-content\/uploads\/2022\/07\/andy-warhol-mao.jpg","width":1080,"height":700,"caption":"Andy Warhol, Mao"},{"@type":"BreadcrumbList","@id":"https:\/\/www.latribunedeplanas.com\/en\/unidos-and-the-new-community\/#breadcrumb","itemListElement":[{"@type":"ListItem","position":1,"name":"Accueil","item":"https:\/\/www.latribunedeplanas.com\/en\/"},{"@type":"ListItem","position":2,"name":"UNIDOS and the new community"}]},{"@type":"WebSite","@id":"https:\/\/www.latribunedeplanas.com\/en\/#website","url":"https:\/\/www.latribunedeplanas.com\/en\/","name":"La Tribune de Planas","description":"Las Planas del Rey \u2013 Urbanisation of the municipality of Pratdip","publisher":{"@id":"https:\/\/www.latribunedeplanas.com\/en\/#organization"},"potentialAction":[{"@type":"SearchAction","target":{"@type":"EntryPoint","urlTemplate":"https:\/\/www.latribunedeplanas.com\/en\/?s={search_term_string}"},"query-input":{"@type":"PropertyValueSpecification","valueRequired":true,"valueName":"search_term_string"}}],"inLanguage":"en-US"},{"@type":"Organization","@id":"https:\/\/www.latribunedeplanas.com\/en\/#organization","name":"Vecinos de Planes del Rei (SOSPlanes)","url":"https:\/\/www.latribunedeplanas.com\/en\/","logo":{"@type":"ImageObject","inLanguage":"en-US","@id":"https:\/\/www.latribunedeplanas.com\/en\/#\/schema\/logo\/image\/","url":"https:\/\/www.latribunedeplanas.com\/wp-content\/uploads\/2021\/11\/logo-sos-planas-0.png","contentUrl":"https:\/\/www.latribunedeplanas.com\/wp-content\/uploads\/2021\/11\/logo-sos-planas-0.png","width":600,"height":400,"caption":"Vecinos de Planes del Rei (SOSPlanes)"},"image":{"@id":"https:\/\/www.latribunedeplanas.com\/en\/#\/schema\/logo\/image\/"},"sameAs":["https:\/\/www.facebook.com\/groups\/1220895301376005\/","https:\/\/www.instagram.com\/lasplanasdelrey\/"]},{"@type":"Person","@id":"https:\/\/www.latribunedeplanas.com\/en\/#\/schema\/person\/590a87318688792f18d8e1c983528bc8","name":"Jim","image":{"@type":"ImageObject","inLanguage":"en-US","@id":"https:\/\/secure.gravatar.com\/avatar\/5a89228fd282eb9ee33a60b4ff06f9c31751866f1fb91ca56263af0968354113?s=96&d=mm&r=g","url":"https:\/\/secure.gravatar.com\/avatar\/5a89228fd282eb9ee33a60b4ff06f9c31751866f1fb91ca56263af0968354113?s=96&d=mm&r=g","contentUrl":"https:\/\/secure.gravatar.com\/avatar\/5a89228fd282eb9ee33a60b4ff06f9c31751866f1fb91ca56263af0968354113?s=96&d=mm&r=g","caption":"Jim"},"sameAs":["https:\/\/www.creawebsite.be\/","https:\/\/www.facebook.com\/Creawebsite-113915200150984","https:\/\/www.instagram.com\/creawebsite.be\/","https:\/\/www.linkedin.com\/in\/jean-marc-delchef\/"]}]}},"_links":{"self":[{"href":"https:\/\/www.latribunedeplanas.com\/en\/wp-json\/wp\/v2\/posts\/21078","targetHints":{"allow":["GET"]}}],"collection":[{"href":"https:\/\/www.latribunedeplanas.com\/en\/wp-json\/wp\/v2\/posts"}],"about":[{"href":"https:\/\/www.latribunedeplanas.com\/en\/wp-json\/wp\/v2\/types\/post"}],"author":[{"embeddable":true,"href":"https:\/\/www.latribunedeplanas.com\/en\/wp-json\/wp\/v2\/users\/1"}],"replies":[{"embeddable":true,"href":"https:\/\/www.latribunedeplanas.com\/en\/wp-json\/wp\/v2\/comments?post=21078"}],"version-history":[{"count":1,"href":"https:\/\/www.latribunedeplanas.com\/en\/wp-json\/wp\/v2\/posts\/21078\/revisions"}],"predecessor-version":[{"id":27368,"href":"https:\/\/www.latribunedeplanas.com\/en\/wp-json\/wp\/v2\/posts\/21078\/revisions\/27368"}],"wp:featuredmedia":[{"embeddable":true,"href":"https:\/\/www.latribunedeplanas.com\/en\/wp-json\/wp\/v2\/media\/21065"}],"wp:attachment":[{"href":"https:\/\/www.latribunedeplanas.com\/en\/wp-json\/wp\/v2\/media?parent=21078"}],"wp:term":[{"taxonomy":"category","embeddable":true,"href":"https:\/\/www.latribunedeplanas.com\/en\/wp-json\/wp\/v2\/categories?post=21078"},{"taxonomy":"post_tag","embeddable":true,"href":"https:\/\/www.latribunedeplanas.com\/en\/wp-json\/wp\/v2\/tags?post=21078"}],"curies":[{"name":"wp","href":"https:\/\/api.w.org\/{rel}","templated":true}]}}